{"id":350,"date":"2020-11-02T02:54:55","date_gmt":"2020-11-02T02:54:55","guid":{"rendered":"https:\/\/favorite-news.com\/de\/getoeteter-13-jaehriger-in-berlin-erstochen-wegen-einer-nichtigkeit\/"},"modified":"2020-11-10T13:38:25","modified_gmt":"2020-11-10T13:38:25","slug":"getoeteter-13-jaehriger-in-berlin-erstochen-wegen-einer-nichtigkeit","status":"publish","type":"post","link":"https:\/\/favorite-news.com\/de\/getoeteter-13-jaehriger-in-berlin-erstochen-wegen-einer-nichtigkeit\/","title":{"rendered":"Get\u00f6teter 13-J\u00e4hriger in Berlin: Erstochen wegen einer Nichtigkeit"},"content":{"rendered":"<p>&nbsp;<\/p>\n<div>\n<p>Junge lebte in Heim: Get\u00f6teter 13-J\u00e4hriger in Berlin: Erstochen wegen einer Nichtigkeit<\/p>\n<\/div>\n<div>\n<p>Montag, 02.11.2020, 02:09<\/p>\n<div class=\"leadIn\">\n<p>Eine Gruppe von Jugendlichen und Kindern trifft zu vorger\u00fcckter Stunde in einem Berliner Park auf einen unbekannten Mann, ger\u00e4t in Streit und am Ende ist ein 13 Jahre altes Kind tot. Der Grund f\u00fcr den Streit: wohl eine Nichtigkeit.<\/p>\n<\/div>\n<div class=\"textBlock\">\n<p>Noch immer l\u00e4uft die Suche nach dem Mann, der einen 13-j\u00e4hrigen Jungen in Berlin mit einem Messer angegriffen und t\u00f6dlich verletzt haben soll. Am sp\u00e4ten Samstagabend eskalierte im Monbijoupark war ein Streit zwischen einer siebenk\u00f6pfigen Gruppe und dem mutma\u00dflichen T\u00e4ter: Im Handgemenge soll der bislang Unbekannte ein\u00a0Messer\u00a0gezogen haben.<\/p>\n<p>Der Mann konnte unerkannt fl\u00fcchten, die Hintergr\u00fcnde der Tat sind noch unklar und die Polizei sucht Zeugen. Nach den bisherigen Erkenntnissen der Polizei ging es bei der Auseinandersetzung um eine Nichtigkeit. Ob die Gruppe aus jungen Leuten auch bewaffnet war, sei dabei noch unklar.<\/p>\n<h2>\u201eEr war traumatisiert vom Krieg&#8220;<\/h2>\n<p>Der zu Tode gekommene Junge lebt einem Zeitungsbericht der &#8222;Bild&#8220; seit sechs Jahren in Deutschland. Er kam zun\u00e4chst mit seiner Mutter aus Syrien nach Deutschland, vor drei Jahren sei der Vater mit drei Geschwistern per Familiennachzug nachgekommen. Die Familie fl\u00fcchtete vor dem Krieg in Syrien. Eine Tante des 13-J\u00e4hrigen sagte der &#8222;Bild&#8220;: \u201eEr war traumatisiert vom Krieg.&#8220; Der Junge habe sich mit seinen Eltern nicht verstanden und sei in ein Heim gekommen.<\/p>\n<\/div>\n<div class=\"textBlock\">\n<p>Bei der Tat in der Nacht zu Sonntag gab es noch einen weiteren Schwerverletzten. Er ist 22 Jahre alt und war ein Begleiter des 13-j\u00e4hrigen Jungen. Der 22-J\u00e4hrige erlitt schwere Verletzungen und wird derzeit in einem Krankenhaus behandelt. Der Junge starb trotz wenig sp\u00e4ter eingeleiteter Reanimationsma\u00dfnahmen noch im Park.<\/p>\n<p>Die 7. Mordkommission beim Berliner Landeskriminalamt hat die Ermittlungen \u00fcbernommen. Den Sonntag \u00fcber seien Zeugen vernommen worden, die den Angriff direkt beobachtet h\u00e4tten. Der T\u00e4ter soll nach den bisherigen Erkenntnissen etwa 45 Jahre alt sein. Nach Angaben der bisherigen Zeugen hat er sch\u00fctteres Haar samt einer Oberkopfglatze und tr\u00e4gt einen grau-meliertem Vollbart. Die Tat habe sich gegen 22.40 am Samstagabend ereignet.<\/p>\n<h2>Die Polizei bittet um Hinweise<\/h2>\n<ul>\n<li>Wer hat die Auseinandersetzung beobachtet und kann Angaben zu dieser oder dem bisher noch unbekannten Tatverd\u00e4chtigen machen?<\/li>\n<li>Bisher unbekannte Zeugen haben den Tatverd\u00e4chtigen auf seiner Flucht in Richtung S-Bahnhof Hackescher Markt verfolgt und teilweise wohl auch fotografiert. Sie werden gebeten, sich bei der 7. Mordkommission zu melden.<\/li>\n<li>Wer kann sonstige sachdienliche Hinweise geben?<\/li>\n<\/ul>\n<p><strong>Zeuginnen und Zeugen werden gebeten, sich bei der 7. Mordkommission unter der Telefonnummer: (030) 4664-911777 oder bei jeder anderen Polizeidienststelle zu melden.<\/strong><\/p>\n<\/div>\n<h2>Unfassbare Szenen der Ignoranz in K\u00f6ln: Polizei muss St\u00f6renfried Maske verpassen<\/h2>\n<\/div>\n<p><a href=\"https:\/\/www.focus.de\/regional\/berlin\/junge-lebte-in-heim-getoeteter-13-jaehriger-in-berlin-erstochen-wegen-einer-nichtigkeit_id_12609023.html\">\u0421\u0441\u044b\u043b\u043a\u0430 \u043d\u0430 \u0438\u0441\u0442\u043e\u0447\u043d\u0438\u043a <\/a><\/p>\n","protected":false},"excerpt":{"rendered":"<p>&nbsp; Junge lebte in Heim: Get\u00f6teter 13-J\u00e4hriger in Berlin: Erstochen wegen einer Nichtigkeit Montag, 02.11.2020, 02:09 Eine Gruppe von Jugendlichen und Kindern trifft zu vorger\u00fcckter Stunde in einem Berliner Park auf einen unbekannten Mann, ger\u00e4t in Streit und am Ende ist ein 13 Jahre altes Kind tot. Der Grund f\u00fcr den Streit: wohl eine Nichtigkeit. [&hellip;]<\/p>\n","protected":false},"author":1,"featured_media":351,"comment_status":"open","ping_status":"open","sticky":false,"template":"","format":"standard","meta":{"footnotes":""},"categories":[1],"tags":[],"class_list":["post-350","post","type-post","status-publish","format-standard","has-post-thumbnail","hentry","category-neuigkeiten"],"yoast_head":"<!-- This site is optimized with the Yoast SEO plugin v27.4 - https:\/\/yoast.com\/product\/yoast-seo-wordpress\/ -->\n<title>Get\u00f6teter 13-J\u00e4hriger in Berlin: Erstochen wegen einer Nichtigkeit - Favorite News<\/title>\n<meta name=\"robots\" content=\"index, follow, max-snippet:-1, max-image-preview:large, max-video-preview:-1\" \/>\n<link rel=\"canonical\" href=\"https:\/\/favorite-news.com\/de\/getoeteter-13-jaehriger-in-berlin-erstochen-wegen-einer-nichtigkeit\/\" \/>\n<meta property=\"og:locale\" content=\"de_DE\" \/>\n<meta property=\"og:type\" content=\"article\" \/>\n<meta property=\"og:title\" content=\"Get\u00f6teter 13-J\u00e4hriger in Berlin: Erstochen wegen einer Nichtigkeit - Favorite News\" \/>\n<meta property=\"og:description\" content=\"&nbsp; Junge lebte in Heim: Get\u00f6teter 13-J\u00e4hriger in Berlin: Erstochen wegen einer Nichtigkeit Montag, 02.11.2020, 02:09 Eine Gruppe von Jugendlichen und Kindern trifft zu vorger\u00fcckter Stunde in einem Berliner Park auf einen unbekannten Mann, ger\u00e4t in Streit und am Ende ist ein 13 Jahre altes Kind tot. Der Grund f\u00fcr den Streit: wohl eine Nichtigkeit. [&hellip;]\" \/>\n<meta property=\"og:url\" content=\"https:\/\/favorite-news.com\/de\/getoeteter-13-jaehriger-in-berlin-erstochen-wegen-einer-nichtigkeit\/\" \/>\n<meta property=\"og:site_name\" content=\"Favorite News\" \/>\n<meta property=\"article:published_time\" content=\"2020-11-02T02:54:55+00:00\" \/>\n<meta property=\"article:modified_time\" content=\"2020-11-10T13:38:25+00:00\" \/>\n<meta property=\"og:image\" content=\"https:\/\/favorite-news.com\/de\/wp-content\/uploads\/sites\/13\/2020\/11\/1604285696_Getoeteter-13-Jaehriger-in-Berlin-Erstochen-wegen-einer-Nichtigkeit.jpg\" \/>\n\t<meta property=\"og:image:width\" content=\"1200\" \/>\n\t<meta property=\"og:image:height\" content=\"627\" \/>\n\t<meta property=\"og:image:type\" content=\"image\/jpeg\" \/>\n<meta name=\"author\" content=\"favorite-news\" \/>\n<meta name=\"twitter:card\" content=\"summary_large_image\" \/>\n<meta name=\"twitter:label1\" content=\"Verfasst von\" \/>\n\t<meta name=\"twitter:data1\" content=\"favorite-news\" \/>\n\t<meta name=\"twitter:label2\" content=\"Gesch\u00e4tzte Lesezeit\" \/>\n\t<meta name=\"twitter:data2\" content=\"2\u00a0Minuten\" \/>\n<script type=\"application\/ld+json\" class=\"yoast-schema-graph\">{\"@context\":\"https:\\\/\\\/schema.org\",\"@graph\":[{\"@type\":\"Article\",\"@id\":\"https:\\\/\\\/favorite-news.com\\\/de\\\/getoeteter-13-jaehriger-in-berlin-erstochen-wegen-einer-nichtigkeit\\\/#article\",\"isPartOf\":{\"@id\":\"https:\\\/\\\/favorite-news.com\\\/de\\\/getoeteter-13-jaehriger-in-berlin-erstochen-wegen-einer-nichtigkeit\\\/\"},\"author\":{\"name\":\"favorite-news\",\"@id\":\"https:\\\/\\\/favorite-news.com\\\/de\\\/#\\\/schema\\\/person\\\/b66c4cfdd10a5bf16d7d5efda647111f\"},\"headline\":\"Get\u00f6teter 13-J\u00e4hriger in Berlin: Erstochen wegen einer Nichtigkeit\",\"datePublished\":\"2020-11-02T02:54:55+00:00\",\"dateModified\":\"2020-11-10T13:38:25+00:00\",\"mainEntityOfPage\":{\"@id\":\"https:\\\/\\\/favorite-news.com\\\/de\\\/getoeteter-13-jaehriger-in-berlin-erstochen-wegen-einer-nichtigkeit\\\/\"},\"wordCount\":459,\"commentCount\":0,\"image\":{\"@id\":\"https:\\\/\\\/favorite-news.com\\\/de\\\/getoeteter-13-jaehriger-in-berlin-erstochen-wegen-einer-nichtigkeit\\\/#primaryimage\"},\"thumbnailUrl\":\"https:\\\/\\\/favorite-news.com\\\/de\\\/wp-content\\\/uploads\\\/sites\\\/13\\\/2020\\\/11\\\/1604285696_Getoeteter-13-Jaehriger-in-Berlin-Erstochen-wegen-einer-Nichtigkeit.jpg\",\"articleSection\":[\"NEUIGKEITEN\"],\"inLanguage\":\"de\",\"potentialAction\":[{\"@type\":\"CommentAction\",\"name\":\"Comment\",\"target\":[\"https:\\\/\\\/favorite-news.com\\\/de\\\/getoeteter-13-jaehriger-in-berlin-erstochen-wegen-einer-nichtigkeit\\\/#respond\"]}]},{\"@type\":\"WebPage\",\"@id\":\"https:\\\/\\\/favorite-news.com\\\/de\\\/getoeteter-13-jaehriger-in-berlin-erstochen-wegen-einer-nichtigkeit\\\/\",\"url\":\"https:\\\/\\\/favorite-news.com\\\/de\\\/getoeteter-13-jaehriger-in-berlin-erstochen-wegen-einer-nichtigkeit\\\/\",\"name\":\"Get\u00f6teter 13-J\u00e4hriger in Berlin: Erstochen wegen einer Nichtigkeit - Favorite News\",\"isPartOf\":{\"@id\":\"https:\\\/\\\/favorite-news.com\\\/de\\\/#website\"},\"primaryImageOfPage\":{\"@id\":\"https:\\\/\\\/favorite-news.com\\\/de\\\/getoeteter-13-jaehriger-in-berlin-erstochen-wegen-einer-nichtigkeit\\\/#primaryimage\"},\"image\":{\"@id\":\"https:\\\/\\\/favorite-news.com\\\/de\\\/getoeteter-13-jaehriger-in-berlin-erstochen-wegen-einer-nichtigkeit\\\/#primaryimage\"},\"thumbnailUrl\":\"https:\\\/\\\/favorite-news.com\\\/de\\\/wp-content\\\/uploads\\\/sites\\\/13\\\/2020\\\/11\\\/1604285696_Getoeteter-13-Jaehriger-in-Berlin-Erstochen-wegen-einer-Nichtigkeit.jpg\",\"datePublished\":\"2020-11-02T02:54:55+00:00\",\"dateModified\":\"2020-11-10T13:38:25+00:00\",\"author\":{\"@id\":\"https:\\\/\\\/favorite-news.com\\\/de\\\/#\\\/schema\\\/person\\\/b66c4cfdd10a5bf16d7d5efda647111f\"},\"breadcrumb\":{\"@id\":\"https:\\\/\\\/favorite-news.com\\\/de\\\/getoeteter-13-jaehriger-in-berlin-erstochen-wegen-einer-nichtigkeit\\\/#breadcrumb\"},\"inLanguage\":\"de\",\"potentialAction\":[{\"@type\":\"ReadAction\",\"target\":[\"https:\\\/\\\/favorite-news.com\\\/de\\\/getoeteter-13-jaehriger-in-berlin-erstochen-wegen-einer-nichtigkeit\\\/\"]}]},{\"@type\":\"ImageObject\",\"inLanguage\":\"de\",\"@id\":\"https:\\\/\\\/favorite-news.com\\\/de\\\/getoeteter-13-jaehriger-in-berlin-erstochen-wegen-einer-nichtigkeit\\\/#primaryimage\",\"url\":\"https:\\\/\\\/favorite-news.com\\\/de\\\/wp-content\\\/uploads\\\/sites\\\/13\\\/2020\\\/11\\\/1604285696_Getoeteter-13-Jaehriger-in-Berlin-Erstochen-wegen-einer-Nichtigkeit.jpg\",\"contentUrl\":\"https:\\\/\\\/favorite-news.com\\\/de\\\/wp-content\\\/uploads\\\/sites\\\/13\\\/2020\\\/11\\\/1604285696_Getoeteter-13-Jaehriger-in-Berlin-Erstochen-wegen-einer-Nichtigkeit.jpg\",\"width\":1200,\"height\":627,\"caption\":\"Get\u00f6teter 13-J\u00e4hriger in Berlin: Erstochen wegen einer Nichtigkeit\"},{\"@type\":\"BreadcrumbList\",\"@id\":\"https:\\\/\\\/favorite-news.com\\\/de\\\/getoeteter-13-jaehriger-in-berlin-erstochen-wegen-einer-nichtigkeit\\\/#breadcrumb\",\"itemListElement\":[{\"@type\":\"ListItem\",\"position\":1,\"name\":\"Home\",\"item\":\"https:\\\/\\\/favorite-news.com\\\/de\\\/\"},{\"@type\":\"ListItem\",\"position\":2,\"name\":\"Get\u00f6teter 13-J\u00e4hriger in Berlin: Erstochen wegen einer Nichtigkeit\"}]},{\"@type\":\"WebSite\",\"@id\":\"https:\\\/\\\/favorite-news.com\\\/de\\\/#website\",\"url\":\"https:\\\/\\\/favorite-news.com\\\/de\\\/\",\"name\":\"Favorite News\",\"description\":\"Favorite News Germany\",\"potentialAction\":[{\"@type\":\"SearchAction\",\"target\":{\"@type\":\"EntryPoint\",\"urlTemplate\":\"https:\\\/\\\/favorite-news.com\\\/de\\\/?s={search_term_string}\"},\"query-input\":{\"@type\":\"PropertyValueSpecification\",\"valueRequired\":true,\"valueName\":\"search_term_string\"}}],\"inLanguage\":\"de\"},{\"@type\":\"Person\",\"@id\":\"https:\\\/\\\/favorite-news.com\\\/de\\\/#\\\/schema\\\/person\\\/b66c4cfdd10a5bf16d7d5efda647111f\",\"name\":\"favorite-news\",\"image\":{\"@type\":\"ImageObject\",\"inLanguage\":\"de\",\"@id\":\"https:\\\/\\\/secure.gravatar.com\\\/avatar\\\/f89959e01423a9ee3c2debbcf830eb021c575de0e1b3781ca3ae392b71c615a1?s=96&d=mm&r=g\",\"url\":\"https:\\\/\\\/secure.gravatar.com\\\/avatar\\\/f89959e01423a9ee3c2debbcf830eb021c575de0e1b3781ca3ae392b71c615a1?s=96&d=mm&r=g\",\"contentUrl\":\"https:\\\/\\\/secure.gravatar.com\\\/avatar\\\/f89959e01423a9ee3c2debbcf830eb021c575de0e1b3781ca3ae392b71c615a1?s=96&d=mm&r=g\",\"caption\":\"favorite-news\"},\"url\":\"https:\\\/\\\/favorite-news.com\\\/de\\\/author\\\/ruby\\\/\"}]}<\/script>\n<!-- \/ Yoast SEO plugin. -->","yoast_head_json":{"title":"Get\u00f6teter 13-J\u00e4hriger in Berlin: Erstochen wegen einer Nichtigkeit - Favorite News","robots":{"index":"index","follow":"follow","max-snippet":"max-snippet:-1","max-image-preview":"max-image-preview:large","max-video-preview":"max-video-preview:-1"},"canonical":"https:\/\/favorite-news.com\/de\/getoeteter-13-jaehriger-in-berlin-erstochen-wegen-einer-nichtigkeit\/","og_locale":"de_DE","og_type":"article","og_title":"Get\u00f6teter 13-J\u00e4hriger in Berlin: Erstochen wegen einer Nichtigkeit - Favorite News","og_description":"&nbsp; Junge lebte in Heim: Get\u00f6teter 13-J\u00e4hriger in Berlin: Erstochen wegen einer Nichtigkeit Montag, 02.11.2020, 02:09 Eine Gruppe von Jugendlichen und Kindern trifft zu vorger\u00fcckter Stunde in einem Berliner Park auf einen unbekannten Mann, ger\u00e4t in Streit und am Ende ist ein 13 Jahre altes Kind tot. Der Grund f\u00fcr den Streit: wohl eine Nichtigkeit. [&hellip;]","og_url":"https:\/\/favorite-news.com\/de\/getoeteter-13-jaehriger-in-berlin-erstochen-wegen-einer-nichtigkeit\/","og_site_name":"Favorite News","article_published_time":"2020-11-02T02:54:55+00:00","article_modified_time":"2020-11-10T13:38:25+00:00","og_image":[{"width":1200,"height":627,"url":"https:\/\/favorite-news.com\/de\/wp-content\/uploads\/sites\/13\/2020\/11\/1604285696_Getoeteter-13-Jaehriger-in-Berlin-Erstochen-wegen-einer-Nichtigkeit.jpg","type":"image\/jpeg"}],"author":"favorite-news","twitter_card":"summary_large_image","twitter_misc":{"Verfasst von":"favorite-news","Gesch\u00e4tzte Lesezeit":"2\u00a0Minuten"},"schema":{"@context":"https:\/\/schema.org","@graph":[{"@type":"Article","@id":"https:\/\/favorite-news.com\/de\/getoeteter-13-jaehriger-in-berlin-erstochen-wegen-einer-nichtigkeit\/#article","isPartOf":{"@id":"https:\/\/favorite-news.com\/de\/getoeteter-13-jaehriger-in-berlin-erstochen-wegen-einer-nichtigkeit\/"},"author":{"name":"favorite-news","@id":"https:\/\/favorite-news.com\/de\/#\/schema\/person\/b66c4cfdd10a5bf16d7d5efda647111f"},"headline":"Get\u00f6teter 13-J\u00e4hriger in Berlin: Erstochen wegen einer Nichtigkeit","datePublished":"2020-11-02T02:54:55+00:00","dateModified":"2020-11-10T13:38:25+00:00","mainEntityOfPage":{"@id":"https:\/\/favorite-news.com\/de\/getoeteter-13-jaehriger-in-berlin-erstochen-wegen-einer-nichtigkeit\/"},"wordCount":459,"commentCount":0,"image":{"@id":"https:\/\/favorite-news.com\/de\/getoeteter-13-jaehriger-in-berlin-erstochen-wegen-einer-nichtigkeit\/#primaryimage"},"thumbnailUrl":"https:\/\/favorite-news.com\/de\/wp-content\/uploads\/sites\/13\/2020\/11\/1604285696_Getoeteter-13-Jaehriger-in-Berlin-Erstochen-wegen-einer-Nichtigkeit.jpg","articleSection":["NEUIGKEITEN"],"inLanguage":"de","potentialAction":[{"@type":"CommentAction","name":"Comment","target":["https:\/\/favorite-news.com\/de\/getoeteter-13-jaehriger-in-berlin-erstochen-wegen-einer-nichtigkeit\/#respond"]}]},{"@type":"WebPage","@id":"https:\/\/favorite-news.com\/de\/getoeteter-13-jaehriger-in-berlin-erstochen-wegen-einer-nichtigkeit\/","url":"https:\/\/favorite-news.com\/de\/getoeteter-13-jaehriger-in-berlin-erstochen-wegen-einer-nichtigkeit\/","name":"Get\u00f6teter 13-J\u00e4hriger in Berlin: Erstochen wegen einer Nichtigkeit - Favorite News","isPartOf":{"@id":"https:\/\/favorite-news.com\/de\/#website"},"primaryImageOfPage":{"@id":"https:\/\/favorite-news.com\/de\/getoeteter-13-jaehriger-in-berlin-erstochen-wegen-einer-nichtigkeit\/#primaryimage"},"image":{"@id":"https:\/\/favorite-news.com\/de\/getoeteter-13-jaehriger-in-berlin-erstochen-wegen-einer-nichtigkeit\/#primaryimage"},"thumbnailUrl":"https:\/\/favorite-news.com\/de\/wp-content\/uploads\/sites\/13\/2020\/11\/1604285696_Getoeteter-13-Jaehriger-in-Berlin-Erstochen-wegen-einer-Nichtigkeit.jpg","datePublished":"2020-11-02T02:54:55+00:00","dateModified":"2020-11-10T13:38:25+00:00","author":{"@id":"https:\/\/favorite-news.com\/de\/#\/schema\/person\/b66c4cfdd10a5bf16d7d5efda647111f"},"breadcrumb":{"@id":"https:\/\/favorite-news.com\/de\/getoeteter-13-jaehriger-in-berlin-erstochen-wegen-einer-nichtigkeit\/#breadcrumb"},"inLanguage":"de","potentialAction":[{"@type":"ReadAction","target":["https:\/\/favorite-news.com\/de\/getoeteter-13-jaehriger-in-berlin-erstochen-wegen-einer-nichtigkeit\/"]}]},{"@type":"ImageObject","inLanguage":"de","@id":"https:\/\/favorite-news.com\/de\/getoeteter-13-jaehriger-in-berlin-erstochen-wegen-einer-nichtigkeit\/#primaryimage","url":"https:\/\/favorite-news.com\/de\/wp-content\/uploads\/sites\/13\/2020\/11\/1604285696_Getoeteter-13-Jaehriger-in-Berlin-Erstochen-wegen-einer-Nichtigkeit.jpg","contentUrl":"https:\/\/favorite-news.com\/de\/wp-content\/uploads\/sites\/13\/2020\/11\/1604285696_Getoeteter-13-Jaehriger-in-Berlin-Erstochen-wegen-einer-Nichtigkeit.jpg","width":1200,"height":627,"caption":"Get\u00f6teter 13-J\u00e4hriger in Berlin: Erstochen wegen einer Nichtigkeit"},{"@type":"BreadcrumbList","@id":"https:\/\/favorite-news.com\/de\/getoeteter-13-jaehriger-in-berlin-erstochen-wegen-einer-nichtigkeit\/#breadcrumb","itemListElement":[{"@type":"ListItem","position":1,"name":"Home","item":"https:\/\/favorite-news.com\/de\/"},{"@type":"ListItem","position":2,"name":"Get\u00f6teter 13-J\u00e4hriger in Berlin: Erstochen wegen einer Nichtigkeit"}]},{"@type":"WebSite","@id":"https:\/\/favorite-news.com\/de\/#website","url":"https:\/\/favorite-news.com\/de\/","name":"Favorite News","description":"Favorite News Germany","potentialAction":[{"@type":"SearchAction","target":{"@type":"EntryPoint","urlTemplate":"https:\/\/favorite-news.com\/de\/?s={search_term_string}"},"query-input":{"@type":"PropertyValueSpecification","valueRequired":true,"valueName":"search_term_string"}}],"inLanguage":"de"},{"@type":"Person","@id":"https:\/\/favorite-news.com\/de\/#\/schema\/person\/b66c4cfdd10a5bf16d7d5efda647111f","name":"favorite-news","image":{"@type":"ImageObject","inLanguage":"de","@id":"https:\/\/secure.gravatar.com\/avatar\/f89959e01423a9ee3c2debbcf830eb021c575de0e1b3781ca3ae392b71c615a1?s=96&d=mm&r=g","url":"https:\/\/secure.gravatar.com\/avatar\/f89959e01423a9ee3c2debbcf830eb021c575de0e1b3781ca3ae392b71c615a1?s=96&d=mm&r=g","contentUrl":"https:\/\/secure.gravatar.com\/avatar\/f89959e01423a9ee3c2debbcf830eb021c575de0e1b3781ca3ae392b71c615a1?s=96&d=mm&r=g","caption":"favorite-news"},"url":"https:\/\/favorite-news.com\/de\/author\/ruby\/"}]}},"_links":{"self":[{"href":"https:\/\/favorite-news.com\/de\/wp-json\/wp\/v2\/posts\/350","targetHints":{"allow":["GET"]}}],"collection":[{"href":"https:\/\/favorite-news.com\/de\/wp-json\/wp\/v2\/posts"}],"about":[{"href":"https:\/\/favorite-news.com\/de\/wp-json\/wp\/v2\/types\/post"}],"author":[{"embeddable":true,"href":"https:\/\/favorite-news.com\/de\/wp-json\/wp\/v2\/users\/1"}],"replies":[{"embeddable":true,"href":"https:\/\/favorite-news.com\/de\/wp-json\/wp\/v2\/comments?post=350"}],"version-history":[{"count":3,"href":"https:\/\/favorite-news.com\/de\/wp-json\/wp\/v2\/posts\/350\/revisions"}],"predecessor-version":[{"id":387,"href":"https:\/\/favorite-news.com\/de\/wp-json\/wp\/v2\/posts\/350\/revisions\/387"}],"wp:featuredmedia":[{"embeddable":true,"href":"https:\/\/favorite-news.com\/de\/wp-json\/wp\/v2\/media\/351"}],"wp:attachment":[{"href":"https:\/\/favorite-news.com\/de\/wp-json\/wp\/v2\/media?parent=350"}],"wp:term":[{"taxonomy":"category","embeddable":true,"href":"https:\/\/favorite-news.com\/de\/wp-json\/wp\/v2\/categories?post=350"},{"taxonomy":"post_tag","embeddable":true,"href":"https:\/\/favorite-news.com\/de\/wp-json\/wp\/v2\/tags?post=350"}],"curies":[{"name":"wp","href":"https:\/\/api.w.org\/{rel}","templated":true}]}}