{"id":345,"date":"2020-10-30T01:25:14","date_gmt":"2020-10-30T01:25:14","guid":{"rendered":"https:\/\/favorite-news.com\/de\/focus-cdu-landespolitiker-verlangen-neuen-termin-fuer-cdu-bundesparteitag\/"},"modified":"2020-10-30T01:25:15","modified_gmt":"2020-10-30T01:25:15","slug":"focus-cdu-landespolitiker-verlangen-neuen-termin-fuer-cdu-bundesparteitag","status":"publish","type":"post","link":"https:\/\/favorite-news.com\/de\/focus-cdu-landespolitiker-verlangen-neuen-termin-fuer-cdu-bundesparteitag\/","title":{"rendered":"FOCUS: CDU-Landespolitiker verlangen neuen Termin f\u00fcr CDU-Bundesparteitag"},"content":{"rendered":"<p>[ad_1]<br \/>\n <\/p>\n<div>\n<p>Berlin. F\u00fchrende CDU-Politiker verlangen nach der Absage des CDU-Bundesparteitags im Dezember rasch einen neuen Termin. Christian Baldauf, CDU-Spitzenkandidat f\u00fcr die Landtagswahl in Rheinland-Pfalz im M\u00e4rz 2021, sagte dem Nachrichtenmagazin FOCUS: \u201eDie CDU braucht jetzt einen klaren Fahrplan. Es darf keinen monatelangen Schwebezustand geben. Wir sollten uns noch im Dezember darauf verst\u00e4ndigen, wann und wie wir einen neuen Vorsitzenden bestimmen und wie wir unseren Kanzlerkandidaten k\u00fcren. Sp\u00e4testens Ende M\u00e4rz oder Anfang April m\u00fcssen Parteivorsitz und Kanzlerkandidatur gekl\u00e4rt sein.\u201c<\/p>\n<p>Susanne Eisenmann, Kultusministerin in Baden-W\u00fcrttemberg und Spitzenkandidatin f\u00fcr die dortige Landtagswahl, verteidigt zwar die Absage des Parteitages, will aber m\u00f6glichst schnell Klarheit schaffen. Dem FOCUS sagte Eisenmann: \u201eIch bin nicht gerade gl\u00fccklich dar\u00fcber, wie schnell von alternativen Veranstaltungsformen &#8211; hybrid oder digital &#8211; abger\u00fcckt wurde. Ich h\u00e4tte es f\u00fcr klug gehalten, die Entscheidung \u00fcber den CDU-Bundesvorsitz fr\u00fchzeitig und z\u00fcgig zu treffen, um Klarheit zu haben. Durch eine Verschiebung ins Fr\u00fchjahr besteht nun die Gefahr, dass parteiinterne Querelen aufkommen und die sehr herausfordernde Corona-Zeit und auch die Landtagswahlen in Baden-W\u00fcrttemberg und Rheinland-Pfalz im M\u00e4rz \u00fcberlagern. Beides will ich nicht hoffen.\u201c<\/p>\n<\/div>\n<p>[ad_2]<br \/>\n <br \/><a href=\"https:\/\/www.focus.de\/magazin\/kurzfassungen\/focus-45-2020-cdu-landespolitiker-verlangen-neuen-termin-fuer-cdu-bundesparteitag_id_12600043.html\">\u0421\u0441\u044b\u043b\u043a\u0430 \u043d\u0430 \u0438\u0441\u0442\u043e\u0447\u043d\u0438\u043a <\/a><\/p>\n","protected":false},"excerpt":{"rendered":"<p>[ad_1] Berlin. F\u00fchrende CDU-Politiker verlangen nach der Absage des CDU-Bundesparteitags im Dezember rasch einen neuen Termin. Christian Baldauf, CDU-Spitzenkandidat f\u00fcr die Landtagswahl in Rheinland-Pfalz im M\u00e4rz 2021, sagte dem Nachrichtenmagazin FOCUS: \u201eDie CDU braucht jetzt einen klaren Fahrplan. Es darf keinen monatelangen Schwebezustand geben. Wir sollten uns noch im Dezember darauf verst\u00e4ndigen, wann und wie [&hellip;]<\/p>\n","protected":false},"author":1,"featured_media":310,"comment_status":"open","ping_status":"open","sticky":false,"template":"","format":"standard","meta":{"footnotes":""},"categories":[1],"tags":[],"class_list":["post-345","post","type-post","status-publish","format-standard","has-post-thumbnail","hentry","category-neuigkeiten"],"yoast_head":"<!-- This site is optimized with the Yoast SEO plugin v27.4 - https:\/\/yoast.com\/product\/yoast-seo-wordpress\/ -->\n<title>FOCUS: CDU-Landespolitiker verlangen neuen Termin f\u00fcr CDU-Bundesparteitag - Favorite News<\/title>\n<meta name=\"robots\" content=\"index, follow, max-snippet:-1, max-image-preview:large, max-video-preview:-1\" \/>\n<link rel=\"canonical\" href=\"https:\/\/favorite-news.com\/de\/focus-cdu-landespolitiker-verlangen-neuen-termin-fuer-cdu-bundesparteitag\/\" \/>\n<meta property=\"og:locale\" content=\"de_DE\" \/>\n<meta property=\"og:type\" content=\"article\" \/>\n<meta property=\"og:title\" content=\"FOCUS: CDU-Landespolitiker verlangen neuen Termin f\u00fcr CDU-Bundesparteitag - Favorite News\" \/>\n<meta property=\"og:description\" content=\"[ad_1] Berlin. F\u00fchrende CDU-Politiker verlangen nach der Absage des CDU-Bundesparteitags im Dezember rasch einen neuen Termin. Christian Baldauf, CDU-Spitzenkandidat f\u00fcr die Landtagswahl in Rheinland-Pfalz im M\u00e4rz 2021, sagte dem Nachrichtenmagazin FOCUS: \u201eDie CDU braucht jetzt einen klaren Fahrplan. Es darf keinen monatelangen Schwebezustand geben. Wir sollten uns noch im Dezember darauf verst\u00e4ndigen, wann und wie [&hellip;]\" \/>\n<meta property=\"og:url\" content=\"https:\/\/favorite-news.com\/de\/focus-cdu-landespolitiker-verlangen-neuen-termin-fuer-cdu-bundesparteitag\/\" \/>\n<meta property=\"og:site_name\" content=\"Favorite News\" \/>\n<meta property=\"article:published_time\" content=\"2020-10-30T01:25:14+00:00\" \/>\n<meta property=\"article:modified_time\" content=\"2020-10-30T01:25:15+00:00\" \/>\n<meta property=\"og:image\" content=\"https:\/\/favorite-news.com\/de\/wp-content\/uploads\/sites\/13\/2020\/10\/Borussia-M\u00f6nchengladbach-gegen-VfL-Wolfsburg-live-Aktueller-Spielstand-10.jpg\" \/>\n\t<meta property=\"og:image:width\" content=\"960\" \/>\n\t<meta property=\"og:image:height\" content=\"502\" \/>\n\t<meta property=\"og:image:type\" content=\"image\/jpeg\" \/>\n<meta name=\"author\" content=\"favorite-news\" \/>\n<meta name=\"twitter:card\" content=\"summary_large_image\" \/>\n<meta name=\"twitter:label1\" content=\"Verfasst von\" \/>\n\t<meta name=\"twitter:data1\" content=\"favorite-news\" \/>\n\t<meta name=\"twitter:label2\" content=\"Gesch\u00e4tzte Lesezeit\" \/>\n\t<meta name=\"twitter:data2\" content=\"1\u00a0Minute\" \/>\n<script type=\"application\/ld+json\" class=\"yoast-schema-graph\">{\"@context\":\"https:\\\/\\\/schema.org\",\"@graph\":[{\"@type\":\"Article\",\"@id\":\"https:\\\/\\\/favorite-news.com\\\/de\\\/focus-cdu-landespolitiker-verlangen-neuen-termin-fuer-cdu-bundesparteitag\\\/#article\",\"isPartOf\":{\"@id\":\"https:\\\/\\\/favorite-news.com\\\/de\\\/focus-cdu-landespolitiker-verlangen-neuen-termin-fuer-cdu-bundesparteitag\\\/\"},\"author\":{\"name\":\"favorite-news\",\"@id\":\"https:\\\/\\\/favorite-news.com\\\/de\\\/#\\\/schema\\\/person\\\/b66c4cfdd10a5bf16d7d5efda647111f\"},\"headline\":\"FOCUS: CDU-Landespolitiker verlangen neuen Termin f\u00fcr CDU-Bundesparteitag\",\"datePublished\":\"2020-10-30T01:25:14+00:00\",\"dateModified\":\"2020-10-30T01:25:15+00:00\",\"mainEntityOfPage\":{\"@id\":\"https:\\\/\\\/favorite-news.com\\\/de\\\/focus-cdu-landespolitiker-verlangen-neuen-termin-fuer-cdu-bundesparteitag\\\/\"},\"wordCount\":210,\"commentCount\":0,\"image\":{\"@id\":\"https:\\\/\\\/favorite-news.com\\\/de\\\/focus-cdu-landespolitiker-verlangen-neuen-termin-fuer-cdu-bundesparteitag\\\/#primaryimage\"},\"thumbnailUrl\":\"https:\\\/\\\/favorite-news.com\\\/de\\\/wp-content\\\/uploads\\\/sites\\\/13\\\/2020\\\/10\\\/Borussia-M\u00f6nchengladbach-gegen-VfL-Wolfsburg-live-Aktueller-Spielstand-10.jpg\",\"articleSection\":[\"NEUIGKEITEN\"],\"inLanguage\":\"de\",\"potentialAction\":[{\"@type\":\"CommentAction\",\"name\":\"Comment\",\"target\":[\"https:\\\/\\\/favorite-news.com\\\/de\\\/focus-cdu-landespolitiker-verlangen-neuen-termin-fuer-cdu-bundesparteitag\\\/#respond\"]}]},{\"@type\":\"WebPage\",\"@id\":\"https:\\\/\\\/favorite-news.com\\\/de\\\/focus-cdu-landespolitiker-verlangen-neuen-termin-fuer-cdu-bundesparteitag\\\/\",\"url\":\"https:\\\/\\\/favorite-news.com\\\/de\\\/focus-cdu-landespolitiker-verlangen-neuen-termin-fuer-cdu-bundesparteitag\\\/\",\"name\":\"FOCUS: CDU-Landespolitiker verlangen neuen Termin f\u00fcr CDU-Bundesparteitag - Favorite News\",\"isPartOf\":{\"@id\":\"https:\\\/\\\/favorite-news.com\\\/de\\\/#website\"},\"primaryImageOfPage\":{\"@id\":\"https:\\\/\\\/favorite-news.com\\\/de\\\/focus-cdu-landespolitiker-verlangen-neuen-termin-fuer-cdu-bundesparteitag\\\/#primaryimage\"},\"image\":{\"@id\":\"https:\\\/\\\/favorite-news.com\\\/de\\\/focus-cdu-landespolitiker-verlangen-neuen-termin-fuer-cdu-bundesparteitag\\\/#primaryimage\"},\"thumbnailUrl\":\"https:\\\/\\\/favorite-news.com\\\/de\\\/wp-content\\\/uploads\\\/sites\\\/13\\\/2020\\\/10\\\/Borussia-M\u00f6nchengladbach-gegen-VfL-Wolfsburg-live-Aktueller-Spielstand-10.jpg\",\"datePublished\":\"2020-10-30T01:25:14+00:00\",\"dateModified\":\"2020-10-30T01:25:15+00:00\",\"author\":{\"@id\":\"https:\\\/\\\/favorite-news.com\\\/de\\\/#\\\/schema\\\/person\\\/b66c4cfdd10a5bf16d7d5efda647111f\"},\"breadcrumb\":{\"@id\":\"https:\\\/\\\/favorite-news.com\\\/de\\\/focus-cdu-landespolitiker-verlangen-neuen-termin-fuer-cdu-bundesparteitag\\\/#breadcrumb\"},\"inLanguage\":\"de\",\"potentialAction\":[{\"@type\":\"ReadAction\",\"target\":[\"https:\\\/\\\/favorite-news.com\\\/de\\\/focus-cdu-landespolitiker-verlangen-neuen-termin-fuer-cdu-bundesparteitag\\\/\"]}]},{\"@type\":\"ImageObject\",\"inLanguage\":\"de\",\"@id\":\"https:\\\/\\\/favorite-news.com\\\/de\\\/focus-cdu-landespolitiker-verlangen-neuen-termin-fuer-cdu-bundesparteitag\\\/#primaryimage\",\"url\":\"https:\\\/\\\/favorite-news.com\\\/de\\\/wp-content\\\/uploads\\\/sites\\\/13\\\/2020\\\/10\\\/Borussia-M\u00f6nchengladbach-gegen-VfL-Wolfsburg-live-Aktueller-Spielstand-10.jpg\",\"contentUrl\":\"https:\\\/\\\/favorite-news.com\\\/de\\\/wp-content\\\/uploads\\\/sites\\\/13\\\/2020\\\/10\\\/Borussia-M\u00f6nchengladbach-gegen-VfL-Wolfsburg-live-Aktueller-Spielstand-10.jpg\",\"width\":960,\"height\":502,\"caption\":\"Borussia M\u00f6nchengladbach gegen VfL Wolfsburg live: Aktueller Spielstand 1:0\"},{\"@type\":\"BreadcrumbList\",\"@id\":\"https:\\\/\\\/favorite-news.com\\\/de\\\/focus-cdu-landespolitiker-verlangen-neuen-termin-fuer-cdu-bundesparteitag\\\/#breadcrumb\",\"itemListElement\":[{\"@type\":\"ListItem\",\"position\":1,\"name\":\"Home\",\"item\":\"https:\\\/\\\/favorite-news.com\\\/de\\\/\"},{\"@type\":\"ListItem\",\"position\":2,\"name\":\"FOCUS: CDU-Landespolitiker verlangen neuen Termin f\u00fcr CDU-Bundesparteitag\"}]},{\"@type\":\"WebSite\",\"@id\":\"https:\\\/\\\/favorite-news.com\\\/de\\\/#website\",\"url\":\"https:\\\/\\\/favorite-news.com\\\/de\\\/\",\"name\":\"Favorite News\",\"description\":\"Favorite News Germany\",\"potentialAction\":[{\"@type\":\"SearchAction\",\"target\":{\"@type\":\"EntryPoint\",\"urlTemplate\":\"https:\\\/\\\/favorite-news.com\\\/de\\\/?s={search_term_string}\"},\"query-input\":{\"@type\":\"PropertyValueSpecification\",\"valueRequired\":true,\"valueName\":\"search_term_string\"}}],\"inLanguage\":\"de\"},{\"@type\":\"Person\",\"@id\":\"https:\\\/\\\/favorite-news.com\\\/de\\\/#\\\/schema\\\/person\\\/b66c4cfdd10a5bf16d7d5efda647111f\",\"name\":\"favorite-news\",\"image\":{\"@type\":\"ImageObject\",\"inLanguage\":\"de\",\"@id\":\"https:\\\/\\\/secure.gravatar.com\\\/avatar\\\/f89959e01423a9ee3c2debbcf830eb021c575de0e1b3781ca3ae392b71c615a1?s=96&d=mm&r=g\",\"url\":\"https:\\\/\\\/secure.gravatar.com\\\/avatar\\\/f89959e01423a9ee3c2debbcf830eb021c575de0e1b3781ca3ae392b71c615a1?s=96&d=mm&r=g\",\"contentUrl\":\"https:\\\/\\\/secure.gravatar.com\\\/avatar\\\/f89959e01423a9ee3c2debbcf830eb021c575de0e1b3781ca3ae392b71c615a1?s=96&d=mm&r=g\",\"caption\":\"favorite-news\"},\"url\":\"https:\\\/\\\/favorite-news.com\\\/de\\\/author\\\/ruby\\\/\"}]}<\/script>\n<!-- \/ Yoast SEO plugin. -->","yoast_head_json":{"title":"FOCUS: CDU-Landespolitiker verlangen neuen Termin f\u00fcr CDU-Bundesparteitag - Favorite News","robots":{"index":"index","follow":"follow","max-snippet":"max-snippet:-1","max-image-preview":"max-image-preview:large","max-video-preview":"max-video-preview:-1"},"canonical":"https:\/\/favorite-news.com\/de\/focus-cdu-landespolitiker-verlangen-neuen-termin-fuer-cdu-bundesparteitag\/","og_locale":"de_DE","og_type":"article","og_title":"FOCUS: CDU-Landespolitiker verlangen neuen Termin f\u00fcr CDU-Bundesparteitag - Favorite News","og_description":"[ad_1] Berlin. F\u00fchrende CDU-Politiker verlangen nach der Absage des CDU-Bundesparteitags im Dezember rasch einen neuen Termin. Christian Baldauf, CDU-Spitzenkandidat f\u00fcr die Landtagswahl in Rheinland-Pfalz im M\u00e4rz 2021, sagte dem Nachrichtenmagazin FOCUS: \u201eDie CDU braucht jetzt einen klaren Fahrplan. Es darf keinen monatelangen Schwebezustand geben. Wir sollten uns noch im Dezember darauf verst\u00e4ndigen, wann und wie [&hellip;]","og_url":"https:\/\/favorite-news.com\/de\/focus-cdu-landespolitiker-verlangen-neuen-termin-fuer-cdu-bundesparteitag\/","og_site_name":"Favorite News","article_published_time":"2020-10-30T01:25:14+00:00","article_modified_time":"2020-10-30T01:25:15+00:00","og_image":[{"width":960,"height":502,"url":"https:\/\/favorite-news.com\/de\/wp-content\/uploads\/sites\/13\/2020\/10\/Borussia-M\u00f6nchengladbach-gegen-VfL-Wolfsburg-live-Aktueller-Spielstand-10.jpg","type":"image\/jpeg"}],"author":"favorite-news","twitter_card":"summary_large_image","twitter_misc":{"Verfasst von":"favorite-news","Gesch\u00e4tzte Lesezeit":"1\u00a0Minute"},"schema":{"@context":"https:\/\/schema.org","@graph":[{"@type":"Article","@id":"https:\/\/favorite-news.com\/de\/focus-cdu-landespolitiker-verlangen-neuen-termin-fuer-cdu-bundesparteitag\/#article","isPartOf":{"@id":"https:\/\/favorite-news.com\/de\/focus-cdu-landespolitiker-verlangen-neuen-termin-fuer-cdu-bundesparteitag\/"},"author":{"name":"favorite-news","@id":"https:\/\/favorite-news.com\/de\/#\/schema\/person\/b66c4cfdd10a5bf16d7d5efda647111f"},"headline":"FOCUS: CDU-Landespolitiker verlangen neuen Termin f\u00fcr CDU-Bundesparteitag","datePublished":"2020-10-30T01:25:14+00:00","dateModified":"2020-10-30T01:25:15+00:00","mainEntityOfPage":{"@id":"https:\/\/favorite-news.com\/de\/focus-cdu-landespolitiker-verlangen-neuen-termin-fuer-cdu-bundesparteitag\/"},"wordCount":210,"commentCount":0,"image":{"@id":"https:\/\/favorite-news.com\/de\/focus-cdu-landespolitiker-verlangen-neuen-termin-fuer-cdu-bundesparteitag\/#primaryimage"},"thumbnailUrl":"https:\/\/favorite-news.com\/de\/wp-content\/uploads\/sites\/13\/2020\/10\/Borussia-M\u00f6nchengladbach-gegen-VfL-Wolfsburg-live-Aktueller-Spielstand-10.jpg","articleSection":["NEUIGKEITEN"],"inLanguage":"de","potentialAction":[{"@type":"CommentAction","name":"Comment","target":["https:\/\/favorite-news.com\/de\/focus-cdu-landespolitiker-verlangen-neuen-termin-fuer-cdu-bundesparteitag\/#respond"]}]},{"@type":"WebPage","@id":"https:\/\/favorite-news.com\/de\/focus-cdu-landespolitiker-verlangen-neuen-termin-fuer-cdu-bundesparteitag\/","url":"https:\/\/favorite-news.com\/de\/focus-cdu-landespolitiker-verlangen-neuen-termin-fuer-cdu-bundesparteitag\/","name":"FOCUS: CDU-Landespolitiker verlangen neuen Termin f\u00fcr CDU-Bundesparteitag - Favorite News","isPartOf":{"@id":"https:\/\/favorite-news.com\/de\/#website"},"primaryImageOfPage":{"@id":"https:\/\/favorite-news.com\/de\/focus-cdu-landespolitiker-verlangen-neuen-termin-fuer-cdu-bundesparteitag\/#primaryimage"},"image":{"@id":"https:\/\/favorite-news.com\/de\/focus-cdu-landespolitiker-verlangen-neuen-termin-fuer-cdu-bundesparteitag\/#primaryimage"},"thumbnailUrl":"https:\/\/favorite-news.com\/de\/wp-content\/uploads\/sites\/13\/2020\/10\/Borussia-M\u00f6nchengladbach-gegen-VfL-Wolfsburg-live-Aktueller-Spielstand-10.jpg","datePublished":"2020-10-30T01:25:14+00:00","dateModified":"2020-10-30T01:25:15+00:00","author":{"@id":"https:\/\/favorite-news.com\/de\/#\/schema\/person\/b66c4cfdd10a5bf16d7d5efda647111f"},"breadcrumb":{"@id":"https:\/\/favorite-news.com\/de\/focus-cdu-landespolitiker-verlangen-neuen-termin-fuer-cdu-bundesparteitag\/#breadcrumb"},"inLanguage":"de","potentialAction":[{"@type":"ReadAction","target":["https:\/\/favorite-news.com\/de\/focus-cdu-landespolitiker-verlangen-neuen-termin-fuer-cdu-bundesparteitag\/"]}]},{"@type":"ImageObject","inLanguage":"de","@id":"https:\/\/favorite-news.com\/de\/focus-cdu-landespolitiker-verlangen-neuen-termin-fuer-cdu-bundesparteitag\/#primaryimage","url":"https:\/\/favorite-news.com\/de\/wp-content\/uploads\/sites\/13\/2020\/10\/Borussia-M\u00f6nchengladbach-gegen-VfL-Wolfsburg-live-Aktueller-Spielstand-10.jpg","contentUrl":"https:\/\/favorite-news.com\/de\/wp-content\/uploads\/sites\/13\/2020\/10\/Borussia-M\u00f6nchengladbach-gegen-VfL-Wolfsburg-live-Aktueller-Spielstand-10.jpg","width":960,"height":502,"caption":"Borussia M\u00f6nchengladbach gegen VfL Wolfsburg live: Aktueller Spielstand 1:0"},{"@type":"BreadcrumbList","@id":"https:\/\/favorite-news.com\/de\/focus-cdu-landespolitiker-verlangen-neuen-termin-fuer-cdu-bundesparteitag\/#breadcrumb","itemListElement":[{"@type":"ListItem","position":1,"name":"Home","item":"https:\/\/favorite-news.com\/de\/"},{"@type":"ListItem","position":2,"name":"FOCUS: CDU-Landespolitiker verlangen neuen Termin f\u00fcr CDU-Bundesparteitag"}]},{"@type":"WebSite","@id":"https:\/\/favorite-news.com\/de\/#website","url":"https:\/\/favorite-news.com\/de\/","name":"Favorite News","description":"Favorite News Germany","potentialAction":[{"@type":"SearchAction","target":{"@type":"EntryPoint","urlTemplate":"https:\/\/favorite-news.com\/de\/?s={search_term_string}"},"query-input":{"@type":"PropertyValueSpecification","valueRequired":true,"valueName":"search_term_string"}}],"inLanguage":"de"},{"@type":"Person","@id":"https:\/\/favorite-news.com\/de\/#\/schema\/person\/b66c4cfdd10a5bf16d7d5efda647111f","name":"favorite-news","image":{"@type":"ImageObject","inLanguage":"de","@id":"https:\/\/secure.gravatar.com\/avatar\/f89959e01423a9ee3c2debbcf830eb021c575de0e1b3781ca3ae392b71c615a1?s=96&d=mm&r=g","url":"https:\/\/secure.gravatar.com\/avatar\/f89959e01423a9ee3c2debbcf830eb021c575de0e1b3781ca3ae392b71c615a1?s=96&d=mm&r=g","contentUrl":"https:\/\/secure.gravatar.com\/avatar\/f89959e01423a9ee3c2debbcf830eb021c575de0e1b3781ca3ae392b71c615a1?s=96&d=mm&r=g","caption":"favorite-news"},"url":"https:\/\/favorite-news.com\/de\/author\/ruby\/"}]}},"_links":{"self":[{"href":"https:\/\/favorite-news.com\/de\/wp-json\/wp\/v2\/posts\/345","targetHints":{"allow":["GET"]}}],"collection":[{"href":"https:\/\/favorite-news.com\/de\/wp-json\/wp\/v2\/posts"}],"about":[{"href":"https:\/\/favorite-news.com\/de\/wp-json\/wp\/v2\/types\/post"}],"author":[{"embeddable":true,"href":"https:\/\/favorite-news.com\/de\/wp-json\/wp\/v2\/users\/1"}],"replies":[{"embeddable":true,"href":"https:\/\/favorite-news.com\/de\/wp-json\/wp\/v2\/comments?post=345"}],"version-history":[{"count":1,"href":"https:\/\/favorite-news.com\/de\/wp-json\/wp\/v2\/posts\/345\/revisions"}],"predecessor-version":[{"id":346,"href":"https:\/\/favorite-news.com\/de\/wp-json\/wp\/v2\/posts\/345\/revisions\/346"}],"wp:featuredmedia":[{"embeddable":true,"href":"https:\/\/favorite-news.com\/de\/wp-json\/wp\/v2\/media\/310"}],"wp:attachment":[{"href":"https:\/\/favorite-news.com\/de\/wp-json\/wp\/v2\/media?parent=345"}],"wp:term":[{"taxonomy":"category","embeddable":true,"href":"https:\/\/favorite-news.com\/de\/wp-json\/wp\/v2\/categories?post=345"},{"taxonomy":"post_tag","embeddable":true,"href":"https:\/\/favorite-news.com\/de\/wp-json\/wp\/v2\/tags?post=345"}],"curies":[{"name":"wp","href":"https:\/\/api.w.org\/{rel}","templated":true}]}}