{"id":127,"date":"2020-08-14T05:56:45","date_gmt":"2020-08-14T05:56:45","guid":{"rendered":"https:\/\/favorite-news.com\/de\/steuern-union-will-kurzarbeiter-vor-nachzahlung-schuetzen\/"},"modified":"2020-08-14T05:56:46","modified_gmt":"2020-08-14T05:56:46","slug":"steuern-union-will-kurzarbeiter-vor-nachzahlung-schuetzen","status":"publish","type":"post","link":"https:\/\/favorite-news.com\/de\/steuern-union-will-kurzarbeiter-vor-nachzahlung-schuetzen\/","title":{"rendered":"Steuern: Union will Kurzarbeiter vor Nachzahlung sch\u00fctzen"},"content":{"rendered":"<p>[ad_1]<br \/>\n <\/p>\n<div>\n<p>Gegen\u00fcber FOCUS schlug die finanzpolitische Sprecherin der CDU\/CSU-Bundestagsfraktion, Antje Tillmann, vor, den so genannten Progressionsvorbehalt f\u00fcr ein Jahr auszusetzen. \u201eWer Kurzarbeitergeld bezieht, erh\u00e4lt dieses steuerfrei\u201c, sagte Tillmann. \u201eDa die wenigsten Betroffenen dies einkalkulieren, k\u00f6nnten Steuernachzahlungen im n\u00e4chsten Jahr zu b\u00f6sen \u00dcberraschungen f\u00fchren. Kurzfristig k\u00f6nnte eine L\u00f6sung sein, den Progressionsvorbehalt f\u00fcr dieses eine Ausnahmejahr auszusetzen.\u201c<\/p>\n<h2>CDU will SPD von ihrem Vorschlag \u00fcberzeugen<\/h2>\n<p>Tillmann k\u00fcndigte an, \u201ehier\u00fcber werden wir nach der Sommerpause, wenn wir \u00fcber das Jahressteuergesetz beraten, mit unserem Koalitionspartner sprechen\u201c.<\/p>\n<p>Der CDU-Bundestagsabgeordnete und Finanzpolitiker Fritz G\u00fcntzler betonte gegen\u00fcber FOCUS, rund 2,5 Millionen Besch\u00e4ftigte m\u00fcssten wegen Kurzarbeit 2020 im n\u00e4chsten Jahr erstmals eine Steuererkl\u00e4rung abgeben. \u00a0\u201eDas wird viele v\u00f6llig \u00fcberraschen. Wenn die Betroffenen dann auch noch erfahren, dass sie Steuern nachzahlen m\u00fcssen, ist \u00c4rger \u00fcber den Staat vorprogrammiert\u201c, sagte G\u00fcntzler. Das k\u00f6nne auch die SPD nicht wollen. Deshalb sei es richtig den Progressionsvorbehalt auszusetzen.<\/p>\n<p>Der Arbeitnehmerfl\u00fcgel der Union ist der gleichen Ansicht. Der stellvertretende CDA-Bundesvorsitzende Christian B\u00e4umler verlangte im FOCUS, der Progressionsvorbehalt m\u00fcsse \u201einsgesamt auf den Pr\u00fcfstand\u201c.<\/p>\n<h2>Kurzarbeit: Bundesfinanzministerium lehnt Entlastung ab<\/h2>\n<p>Das SPD-gef\u00fchrte Finanzministerium lehnt eine Entlastung der Kurzarbeiter dagegen ab. Die Steuergerechtigkeit und Steuersystematik spreche dagegen, \u201eKurzarbeitergeld isoliert zu beg\u00fcnstigen\u201c, sagte eine Sprecherin von Finanzminister Olaf Scholz (SPD) zu FOCUS.<\/p>\n<h2>Hintergrund Progressionsvorbehalt<\/h2>\n<p>Hierbei erh\u00f6hen Eink\u00fcnfte, die an sich steuerfrei flie\u00dfen, den individuellen Steuersatz des Empf\u00e4ngers. Das gilt f\u00fcr verschiedene Leistungen der Sozialkassen, wie etwa Kurzarbeiter- und Arbeitslosengeld.<\/p>\n<p>Grunds\u00e4tzlich gilt: Im Jahr 2020 sind in Deutschland Einkommen bis 9408 Euro steuerfrei, das ist der sogenannte Grundfreibetrag. Dazu kommt noch der <strong>Sonderausgabenabzug in H\u00f6he von <\/strong>36 Euro f\u00fcr Singles. Insgesamt macht das also im laufenden Jahr <strong>9444 Euro<\/strong>, die frei von Einkommensteuer sind.<\/p>\n<p>Das Finanzamt addiert am Jahresende die bereits versteuerten Monatsgeh\u00e4lter eines Besch\u00e4ftigten sowie alle Kurzarbeit-Entgelte auf und sieht nach, ob der Betreffende mehr als 9444 Euro brutto verdient hat. Ist das der Fall, muss der Arbeitnehmer Steuern gegebenenfalls Steuern nachzahlen.<\/p>\n<p><em><strong>Berechnungsschema <\/strong>(vereinfachte Darstellung)<strong>: <\/strong>Arbeitnehmer A. ist Single und gesetzlich krankenversichert.<\/em><\/p>\n<p><em>Er hat von Januar mit M\u00e4rz drei Monate lang je 3500 Euro brutto verdient.<\/em><\/p>\n<p><em>Von April mit August war er f\u00fcnf Monate lang auf Kurzarbeit und hat daf\u00fcr jeden Monat 60 Prozent seines Bruttolohns bekommen, das entsprecht je Monat 2100 Euro. Ab September hat der Arbeitnehmer wieder bis Jahresende vier Monate lang 3500 Euro brutto verdient. Das Schema:<\/em><\/p>\n<p><em>Januar mit M\u00e4rz 3 x 3500 \u20ac brutto = <strong>10.500 \u20ac (bereits versteuert)<\/strong><\/em><\/p>\n<p><em>April mit August 5 x 2100 \u20ac Kurzarbeitergeld je 2100 \u20ac = <strong>10.500 \u20ac (unversteuert)<\/strong><\/em><\/p>\n<p><u><em>September mit Dezember 4 x Bruttolohn von je 3500 \u20ac =<strong> 14.000 \u20ac (bereits versteuert)<\/strong><\/em><\/u><\/p>\n<p><em><strong>Gesamteinkommen 35.000 Euro, davon 24.500 Euro bereits versteuert<\/strong><\/em><\/p>\n<p><em>Nach den aktuellen Gesetzen muss der Arbeitnehmer 10.500 Euro nachversteuern, die unter Progressionsvorbehalt ausgezahlt wurden. Von diesem Brutto-Betrag kann er aber die 9444 Euro einkommensteuerfreies Einkommen abziehen.<\/em><\/p>\n<p>Wird der CDU-Vorschlag zum Gesetz, dann sparen Millionen Kurzarbeiter Einkommmensteuer. Die H\u00f6he schwankt je nach individueller Einkommensh\u00f6he, kann aber mehrere Hundert Euro pro betroffenem Arbeitnehmer betragen.<\/p>\n<\/div>\n<div id=\"pdfbox6438272\">\n<div class=\"textPDFImage\">\n                            <\/div>\n<div class=\"textPDFContent textPDFContentImage\">\n<p>Ihre Steuererkl\u00e4rung in 30 Minuten<\/p>\n<div class=\"textBlock\">\n<p class=\"noads\">Mithilfe des PDF-Ratgebers gelingt Ihnen die l\u00e4stige Steuererkl\u00e4rung in nur 30 Minuten. Plus: Tipps und Tricks zum Steuersparen sowie gro\u00dfer Steuerberater-Test.<\/p>\n<\/div><\/div>\n<\/p><\/div>\n<p>[ad_2]<br \/>\n <br \/><a href=\"https:\/\/www.focus.de\/finanzen\/steuern\/steuern-unions-finanzpolitiker-wollen-kurzarbeiter-vor-steuernachzahlung-schuetzen_id_12318029.html\">\u0421\u0441\u044b\u043b\u043a\u0430 \u043d\u0430 \u0438\u0441\u0442\u043e\u0447\u043d\u0438\u043a <\/a><\/p>\n","protected":false},"excerpt":{"rendered":"<p>[ad_1] Gegen\u00fcber FOCUS schlug die finanzpolitische Sprecherin der CDU\/CSU-Bundestagsfraktion, Antje Tillmann, vor, den so genannten Progressionsvorbehalt f\u00fcr ein Jahr auszusetzen. \u201eWer Kurzarbeitergeld bezieht, erh\u00e4lt dieses steuerfrei\u201c, sagte Tillmann. \u201eDa die wenigsten Betroffenen dies einkalkulieren, k\u00f6nnten Steuernachzahlungen im n\u00e4chsten Jahr zu b\u00f6sen \u00dcberraschungen f\u00fchren. Kurzfristig k\u00f6nnte eine L\u00f6sung sein, den Progressionsvorbehalt f\u00fcr dieses eine Ausnahmejahr auszusetzen.\u201c [&hellip;]<\/p>\n","protected":false},"author":1,"featured_media":128,"comment_status":"open","ping_status":"open","sticky":false,"template":"","format":"standard","meta":{"footnotes":""},"categories":[1],"tags":[],"class_list":["post-127","post","type-post","status-publish","format-standard","has-post-thumbnail","hentry","category-neuigkeiten"],"yoast_head":"<!-- This site is optimized with the Yoast SEO plugin v27.4 - https:\/\/yoast.com\/product\/yoast-seo-wordpress\/ -->\n<title>Steuern: Union will Kurzarbeiter vor Nachzahlung sch\u00fctzen - Favorite News<\/title>\n<meta name=\"robots\" content=\"index, follow, max-snippet:-1, max-image-preview:large, max-video-preview:-1\" \/>\n<link rel=\"canonical\" href=\"https:\/\/favorite-news.com\/de\/steuern-union-will-kurzarbeiter-vor-nachzahlung-schuetzen\/\" \/>\n<meta property=\"og:locale\" content=\"de_DE\" \/>\n<meta property=\"og:type\" content=\"article\" \/>\n<meta property=\"og:title\" content=\"Steuern: Union will Kurzarbeiter vor Nachzahlung sch\u00fctzen - Favorite News\" \/>\n<meta property=\"og:description\" content=\"[ad_1] Gegen\u00fcber FOCUS schlug die finanzpolitische Sprecherin der CDU\/CSU-Bundestagsfraktion, Antje Tillmann, vor, den so genannten Progressionsvorbehalt f\u00fcr ein Jahr auszusetzen. \u201eWer Kurzarbeitergeld bezieht, erh\u00e4lt dieses steuerfrei\u201c, sagte Tillmann. \u201eDa die wenigsten Betroffenen dies einkalkulieren, k\u00f6nnten Steuernachzahlungen im n\u00e4chsten Jahr zu b\u00f6sen \u00dcberraschungen f\u00fchren. Kurzfristig k\u00f6nnte eine L\u00f6sung sein, den Progressionsvorbehalt f\u00fcr dieses eine Ausnahmejahr auszusetzen.\u201c [&hellip;]\" \/>\n<meta property=\"og:url\" content=\"https:\/\/favorite-news.com\/de\/steuern-union-will-kurzarbeiter-vor-nachzahlung-schuetzen\/\" \/>\n<meta property=\"og:site_name\" content=\"Favorite News\" \/>\n<meta property=\"article:published_time\" content=\"2020-08-14T05:56:45+00:00\" \/>\n<meta property=\"article:modified_time\" content=\"2020-08-14T05:56:46+00:00\" \/>\n<meta property=\"og:image\" content=\"https:\/\/favorite-news.com\/de\/wp-content\/uploads\/sites\/13\/2020\/08\/Steuern-Union-will-Kurzarbeiter-vor-Nachzahlung-sch\u00fctzen.jpg\" \/>\n\t<meta property=\"og:image:width\" content=\"1200\" \/>\n\t<meta property=\"og:image:height\" content=\"627\" \/>\n\t<meta property=\"og:image:type\" content=\"image\/jpeg\" \/>\n<meta name=\"author\" content=\"favorite-news\" \/>\n<meta name=\"twitter:card\" content=\"summary_large_image\" \/>\n<meta name=\"twitter:label1\" content=\"Verfasst von\" \/>\n\t<meta name=\"twitter:data1\" content=\"favorite-news\" \/>\n\t<meta name=\"twitter:label2\" content=\"Gesch\u00e4tzte Lesezeit\" \/>\n\t<meta name=\"twitter:data2\" content=\"3\u00a0Minuten\" \/>\n<script type=\"application\/ld+json\" class=\"yoast-schema-graph\">{\"@context\":\"https:\\\/\\\/schema.org\",\"@graph\":[{\"@type\":\"Article\",\"@id\":\"https:\\\/\\\/favorite-news.com\\\/de\\\/steuern-union-will-kurzarbeiter-vor-nachzahlung-schuetzen\\\/#article\",\"isPartOf\":{\"@id\":\"https:\\\/\\\/favorite-news.com\\\/de\\\/steuern-union-will-kurzarbeiter-vor-nachzahlung-schuetzen\\\/\"},\"author\":{\"name\":\"favorite-news\",\"@id\":\"https:\\\/\\\/favorite-news.com\\\/de\\\/#\\\/schema\\\/person\\\/b66c4cfdd10a5bf16d7d5efda647111f\"},\"headline\":\"Steuern: Union will Kurzarbeiter vor Nachzahlung sch\u00fctzen\",\"datePublished\":\"2020-08-14T05:56:45+00:00\",\"dateModified\":\"2020-08-14T05:56:46+00:00\",\"mainEntityOfPage\":{\"@id\":\"https:\\\/\\\/favorite-news.com\\\/de\\\/steuern-union-will-kurzarbeiter-vor-nachzahlung-schuetzen\\\/\"},\"wordCount\":534,\"commentCount\":0,\"image\":{\"@id\":\"https:\\\/\\\/favorite-news.com\\\/de\\\/steuern-union-will-kurzarbeiter-vor-nachzahlung-schuetzen\\\/#primaryimage\"},\"thumbnailUrl\":\"https:\\\/\\\/favorite-news.com\\\/de\\\/wp-content\\\/uploads\\\/sites\\\/13\\\/2020\\\/08\\\/Steuern-Union-will-Kurzarbeiter-vor-Nachzahlung-sch\u00fctzen.jpg\",\"articleSection\":[\"NEUIGKEITEN\"],\"inLanguage\":\"de\",\"potentialAction\":[{\"@type\":\"CommentAction\",\"name\":\"Comment\",\"target\":[\"https:\\\/\\\/favorite-news.com\\\/de\\\/steuern-union-will-kurzarbeiter-vor-nachzahlung-schuetzen\\\/#respond\"]}]},{\"@type\":\"WebPage\",\"@id\":\"https:\\\/\\\/favorite-news.com\\\/de\\\/steuern-union-will-kurzarbeiter-vor-nachzahlung-schuetzen\\\/\",\"url\":\"https:\\\/\\\/favorite-news.com\\\/de\\\/steuern-union-will-kurzarbeiter-vor-nachzahlung-schuetzen\\\/\",\"name\":\"Steuern: Union will Kurzarbeiter vor Nachzahlung sch\u00fctzen - Favorite News\",\"isPartOf\":{\"@id\":\"https:\\\/\\\/favorite-news.com\\\/de\\\/#website\"},\"primaryImageOfPage\":{\"@id\":\"https:\\\/\\\/favorite-news.com\\\/de\\\/steuern-union-will-kurzarbeiter-vor-nachzahlung-schuetzen\\\/#primaryimage\"},\"image\":{\"@id\":\"https:\\\/\\\/favorite-news.com\\\/de\\\/steuern-union-will-kurzarbeiter-vor-nachzahlung-schuetzen\\\/#primaryimage\"},\"thumbnailUrl\":\"https:\\\/\\\/favorite-news.com\\\/de\\\/wp-content\\\/uploads\\\/sites\\\/13\\\/2020\\\/08\\\/Steuern-Union-will-Kurzarbeiter-vor-Nachzahlung-sch\u00fctzen.jpg\",\"datePublished\":\"2020-08-14T05:56:45+00:00\",\"dateModified\":\"2020-08-14T05:56:46+00:00\",\"author\":{\"@id\":\"https:\\\/\\\/favorite-news.com\\\/de\\\/#\\\/schema\\\/person\\\/b66c4cfdd10a5bf16d7d5efda647111f\"},\"breadcrumb\":{\"@id\":\"https:\\\/\\\/favorite-news.com\\\/de\\\/steuern-union-will-kurzarbeiter-vor-nachzahlung-schuetzen\\\/#breadcrumb\"},\"inLanguage\":\"de\",\"potentialAction\":[{\"@type\":\"ReadAction\",\"target\":[\"https:\\\/\\\/favorite-news.com\\\/de\\\/steuern-union-will-kurzarbeiter-vor-nachzahlung-schuetzen\\\/\"]}]},{\"@type\":\"ImageObject\",\"inLanguage\":\"de\",\"@id\":\"https:\\\/\\\/favorite-news.com\\\/de\\\/steuern-union-will-kurzarbeiter-vor-nachzahlung-schuetzen\\\/#primaryimage\",\"url\":\"https:\\\/\\\/favorite-news.com\\\/de\\\/wp-content\\\/uploads\\\/sites\\\/13\\\/2020\\\/08\\\/Steuern-Union-will-Kurzarbeiter-vor-Nachzahlung-sch\u00fctzen.jpg\",\"contentUrl\":\"https:\\\/\\\/favorite-news.com\\\/de\\\/wp-content\\\/uploads\\\/sites\\\/13\\\/2020\\\/08\\\/Steuern-Union-will-Kurzarbeiter-vor-Nachzahlung-sch\u00fctzen.jpg\",\"width\":1200,\"height\":627,\"caption\":\"Steuern: Union will Kurzarbeiter vor Nachzahlung sch\u00fctzen\"},{\"@type\":\"BreadcrumbList\",\"@id\":\"https:\\\/\\\/favorite-news.com\\\/de\\\/steuern-union-will-kurzarbeiter-vor-nachzahlung-schuetzen\\\/#breadcrumb\",\"itemListElement\":[{\"@type\":\"ListItem\",\"position\":1,\"name\":\"Home\",\"item\":\"https:\\\/\\\/favorite-news.com\\\/de\\\/\"},{\"@type\":\"ListItem\",\"position\":2,\"name\":\"Steuern: Union will Kurzarbeiter vor Nachzahlung sch\u00fctzen\"}]},{\"@type\":\"WebSite\",\"@id\":\"https:\\\/\\\/favorite-news.com\\\/de\\\/#website\",\"url\":\"https:\\\/\\\/favorite-news.com\\\/de\\\/\",\"name\":\"Favorite News\",\"description\":\"Favorite News Germany\",\"potentialAction\":[{\"@type\":\"SearchAction\",\"target\":{\"@type\":\"EntryPoint\",\"urlTemplate\":\"https:\\\/\\\/favorite-news.com\\\/de\\\/?s={search_term_string}\"},\"query-input\":{\"@type\":\"PropertyValueSpecification\",\"valueRequired\":true,\"valueName\":\"search_term_string\"}}],\"inLanguage\":\"de\"},{\"@type\":\"Person\",\"@id\":\"https:\\\/\\\/favorite-news.com\\\/de\\\/#\\\/schema\\\/person\\\/b66c4cfdd10a5bf16d7d5efda647111f\",\"name\":\"favorite-news\",\"image\":{\"@type\":\"ImageObject\",\"inLanguage\":\"de\",\"@id\":\"https:\\\/\\\/secure.gravatar.com\\\/avatar\\\/f89959e01423a9ee3c2debbcf830eb021c575de0e1b3781ca3ae392b71c615a1?s=96&d=mm&r=g\",\"url\":\"https:\\\/\\\/secure.gravatar.com\\\/avatar\\\/f89959e01423a9ee3c2debbcf830eb021c575de0e1b3781ca3ae392b71c615a1?s=96&d=mm&r=g\",\"contentUrl\":\"https:\\\/\\\/secure.gravatar.com\\\/avatar\\\/f89959e01423a9ee3c2debbcf830eb021c575de0e1b3781ca3ae392b71c615a1?s=96&d=mm&r=g\",\"caption\":\"favorite-news\"},\"url\":\"https:\\\/\\\/favorite-news.com\\\/de\\\/author\\\/ruby\\\/\"}]}<\/script>\n<!-- \/ Yoast SEO plugin. -->","yoast_head_json":{"title":"Steuern: Union will Kurzarbeiter vor Nachzahlung sch\u00fctzen - Favorite News","robots":{"index":"index","follow":"follow","max-snippet":"max-snippet:-1","max-image-preview":"max-image-preview:large","max-video-preview":"max-video-preview:-1"},"canonical":"https:\/\/favorite-news.com\/de\/steuern-union-will-kurzarbeiter-vor-nachzahlung-schuetzen\/","og_locale":"de_DE","og_type":"article","og_title":"Steuern: Union will Kurzarbeiter vor Nachzahlung sch\u00fctzen - Favorite News","og_description":"[ad_1] Gegen\u00fcber FOCUS schlug die finanzpolitische Sprecherin der CDU\/CSU-Bundestagsfraktion, Antje Tillmann, vor, den so genannten Progressionsvorbehalt f\u00fcr ein Jahr auszusetzen. \u201eWer Kurzarbeitergeld bezieht, erh\u00e4lt dieses steuerfrei\u201c, sagte Tillmann. \u201eDa die wenigsten Betroffenen dies einkalkulieren, k\u00f6nnten Steuernachzahlungen im n\u00e4chsten Jahr zu b\u00f6sen \u00dcberraschungen f\u00fchren. Kurzfristig k\u00f6nnte eine L\u00f6sung sein, den Progressionsvorbehalt f\u00fcr dieses eine Ausnahmejahr auszusetzen.\u201c [&hellip;]","og_url":"https:\/\/favorite-news.com\/de\/steuern-union-will-kurzarbeiter-vor-nachzahlung-schuetzen\/","og_site_name":"Favorite News","article_published_time":"2020-08-14T05:56:45+00:00","article_modified_time":"2020-08-14T05:56:46+00:00","og_image":[{"width":1200,"height":627,"url":"https:\/\/favorite-news.com\/de\/wp-content\/uploads\/sites\/13\/2020\/08\/Steuern-Union-will-Kurzarbeiter-vor-Nachzahlung-sch\u00fctzen.jpg","type":"image\/jpeg"}],"author":"favorite-news","twitter_card":"summary_large_image","twitter_misc":{"Verfasst von":"favorite-news","Gesch\u00e4tzte Lesezeit":"3\u00a0Minuten"},"schema":{"@context":"https:\/\/schema.org","@graph":[{"@type":"Article","@id":"https:\/\/favorite-news.com\/de\/steuern-union-will-kurzarbeiter-vor-nachzahlung-schuetzen\/#article","isPartOf":{"@id":"https:\/\/favorite-news.com\/de\/steuern-union-will-kurzarbeiter-vor-nachzahlung-schuetzen\/"},"author":{"name":"favorite-news","@id":"https:\/\/favorite-news.com\/de\/#\/schema\/person\/b66c4cfdd10a5bf16d7d5efda647111f"},"headline":"Steuern: Union will Kurzarbeiter vor Nachzahlung sch\u00fctzen","datePublished":"2020-08-14T05:56:45+00:00","dateModified":"2020-08-14T05:56:46+00:00","mainEntityOfPage":{"@id":"https:\/\/favorite-news.com\/de\/steuern-union-will-kurzarbeiter-vor-nachzahlung-schuetzen\/"},"wordCount":534,"commentCount":0,"image":{"@id":"https:\/\/favorite-news.com\/de\/steuern-union-will-kurzarbeiter-vor-nachzahlung-schuetzen\/#primaryimage"},"thumbnailUrl":"https:\/\/favorite-news.com\/de\/wp-content\/uploads\/sites\/13\/2020\/08\/Steuern-Union-will-Kurzarbeiter-vor-Nachzahlung-sch\u00fctzen.jpg","articleSection":["NEUIGKEITEN"],"inLanguage":"de","potentialAction":[{"@type":"CommentAction","name":"Comment","target":["https:\/\/favorite-news.com\/de\/steuern-union-will-kurzarbeiter-vor-nachzahlung-schuetzen\/#respond"]}]},{"@type":"WebPage","@id":"https:\/\/favorite-news.com\/de\/steuern-union-will-kurzarbeiter-vor-nachzahlung-schuetzen\/","url":"https:\/\/favorite-news.com\/de\/steuern-union-will-kurzarbeiter-vor-nachzahlung-schuetzen\/","name":"Steuern: Union will Kurzarbeiter vor Nachzahlung sch\u00fctzen - Favorite News","isPartOf":{"@id":"https:\/\/favorite-news.com\/de\/#website"},"primaryImageOfPage":{"@id":"https:\/\/favorite-news.com\/de\/steuern-union-will-kurzarbeiter-vor-nachzahlung-schuetzen\/#primaryimage"},"image":{"@id":"https:\/\/favorite-news.com\/de\/steuern-union-will-kurzarbeiter-vor-nachzahlung-schuetzen\/#primaryimage"},"thumbnailUrl":"https:\/\/favorite-news.com\/de\/wp-content\/uploads\/sites\/13\/2020\/08\/Steuern-Union-will-Kurzarbeiter-vor-Nachzahlung-sch\u00fctzen.jpg","datePublished":"2020-08-14T05:56:45+00:00","dateModified":"2020-08-14T05:56:46+00:00","author":{"@id":"https:\/\/favorite-news.com\/de\/#\/schema\/person\/b66c4cfdd10a5bf16d7d5efda647111f"},"breadcrumb":{"@id":"https:\/\/favorite-news.com\/de\/steuern-union-will-kurzarbeiter-vor-nachzahlung-schuetzen\/#breadcrumb"},"inLanguage":"de","potentialAction":[{"@type":"ReadAction","target":["https:\/\/favorite-news.com\/de\/steuern-union-will-kurzarbeiter-vor-nachzahlung-schuetzen\/"]}]},{"@type":"ImageObject","inLanguage":"de","@id":"https:\/\/favorite-news.com\/de\/steuern-union-will-kurzarbeiter-vor-nachzahlung-schuetzen\/#primaryimage","url":"https:\/\/favorite-news.com\/de\/wp-content\/uploads\/sites\/13\/2020\/08\/Steuern-Union-will-Kurzarbeiter-vor-Nachzahlung-sch\u00fctzen.jpg","contentUrl":"https:\/\/favorite-news.com\/de\/wp-content\/uploads\/sites\/13\/2020\/08\/Steuern-Union-will-Kurzarbeiter-vor-Nachzahlung-sch\u00fctzen.jpg","width":1200,"height":627,"caption":"Steuern: Union will Kurzarbeiter vor Nachzahlung sch\u00fctzen"},{"@type":"BreadcrumbList","@id":"https:\/\/favorite-news.com\/de\/steuern-union-will-kurzarbeiter-vor-nachzahlung-schuetzen\/#breadcrumb","itemListElement":[{"@type":"ListItem","position":1,"name":"Home","item":"https:\/\/favorite-news.com\/de\/"},{"@type":"ListItem","position":2,"name":"Steuern: Union will Kurzarbeiter vor Nachzahlung sch\u00fctzen"}]},{"@type":"WebSite","@id":"https:\/\/favorite-news.com\/de\/#website","url":"https:\/\/favorite-news.com\/de\/","name":"Favorite News","description":"Favorite News Germany","potentialAction":[{"@type":"SearchAction","target":{"@type":"EntryPoint","urlTemplate":"https:\/\/favorite-news.com\/de\/?s={search_term_string}"},"query-input":{"@type":"PropertyValueSpecification","valueRequired":true,"valueName":"search_term_string"}}],"inLanguage":"de"},{"@type":"Person","@id":"https:\/\/favorite-news.com\/de\/#\/schema\/person\/b66c4cfdd10a5bf16d7d5efda647111f","name":"favorite-news","image":{"@type":"ImageObject","inLanguage":"de","@id":"https:\/\/secure.gravatar.com\/avatar\/f89959e01423a9ee3c2debbcf830eb021c575de0e1b3781ca3ae392b71c615a1?s=96&d=mm&r=g","url":"https:\/\/secure.gravatar.com\/avatar\/f89959e01423a9ee3c2debbcf830eb021c575de0e1b3781ca3ae392b71c615a1?s=96&d=mm&r=g","contentUrl":"https:\/\/secure.gravatar.com\/avatar\/f89959e01423a9ee3c2debbcf830eb021c575de0e1b3781ca3ae392b71c615a1?s=96&d=mm&r=g","caption":"favorite-news"},"url":"https:\/\/favorite-news.com\/de\/author\/ruby\/"}]}},"_links":{"self":[{"href":"https:\/\/favorite-news.com\/de\/wp-json\/wp\/v2\/posts\/127","targetHints":{"allow":["GET"]}}],"collection":[{"href":"https:\/\/favorite-news.com\/de\/wp-json\/wp\/v2\/posts"}],"about":[{"href":"https:\/\/favorite-news.com\/de\/wp-json\/wp\/v2\/types\/post"}],"author":[{"embeddable":true,"href":"https:\/\/favorite-news.com\/de\/wp-json\/wp\/v2\/users\/1"}],"replies":[{"embeddable":true,"href":"https:\/\/favorite-news.com\/de\/wp-json\/wp\/v2\/comments?post=127"}],"version-history":[{"count":1,"href":"https:\/\/favorite-news.com\/de\/wp-json\/wp\/v2\/posts\/127\/revisions"}],"predecessor-version":[{"id":129,"href":"https:\/\/favorite-news.com\/de\/wp-json\/wp\/v2\/posts\/127\/revisions\/129"}],"wp:featuredmedia":[{"embeddable":true,"href":"https:\/\/favorite-news.com\/de\/wp-json\/wp\/v2\/media\/128"}],"wp:attachment":[{"href":"https:\/\/favorite-news.com\/de\/wp-json\/wp\/v2\/media?parent=127"}],"wp:term":[{"taxonomy":"category","embeddable":true,"href":"https:\/\/favorite-news.com\/de\/wp-json\/wp\/v2\/categories?post=127"},{"taxonomy":"post_tag","embeddable":true,"href":"https:\/\/favorite-news.com\/de\/wp-json\/wp\/v2\/tags?post=127"}],"curies":[{"name":"wp","href":"https:\/\/api.w.org\/{rel}","templated":true}]}}