{"id":1092,"date":"2021-03-05T12:46:26","date_gmt":"2021-03-05T12:46:26","guid":{"rendered":"https:\/\/favorite-news.com\/de\/us-politik-nach-george-floyd-us-repraesentantenhaus-stimmt-polizeireformen-zu\/"},"modified":"2021-03-05T12:46:26","modified_gmt":"2021-03-05T12:46:26","slug":"us-politik-nach-george-floyd-us-repraesentantenhaus-stimmt-polizeireformen-zu","status":"publish","type":"post","link":"https:\/\/favorite-news.com\/de\/us-politik-nach-george-floyd-us-repraesentantenhaus-stimmt-polizeireformen-zu\/","title":{"rendered":"US-Politik: Nach George Floyd &#8211; US-Repr\u00e4sentantenhaus stimmt Polizeireformen zu"},"content":{"rendered":"<p>[ad_1]<br \/>\n <br \/>\n\t\tNach George Floyd: US-Repr\u00e4sentantenhaus stimmt Polizeireformen zuFreitag, 5. M\u00e4rz, 13.38 Uhr: Mehr als neun Monate nach dem Tod des Afroamerikaners George Floyd bei einem brutalen Polizeieinsatz in den USA\u00a0hat das US-Repr\u00e4sentantenhaus umfassenden Polizeireformen zugestimmt. Eine Mehrheit in der von den Demokraten dominierten Parlamentskammer billigte den nach George Floyd benannten Gesetzesentwurf am Mittwochabend (Ortszeit). 220 Kongressabgeordnete stimmten daf\u00fcr, 212 dagegen.\u00a0Das Gesetz sieht unter anderem vor, dass die Bundesregierung Anreize f\u00fcr das Verbot von W\u00fcrgegriffen bei Polizeieins\u00e4tzen schafft. Die Immunit\u00e4t von Polizisten soll eingeschr\u00e4nkt werden, um Strafverfolgung bei Gewaltanwendung zu erleichtern. Au\u00dferdem soll unter der \u00c4gide des Justizministeriums eine nationale Datenbank f\u00fcr polizeiliches Fehlverhalten aufgebaut werden. Damit soll erschwert werden, dass gewaltt\u00e4tige Polizisten nach einer Entlassung bei anderen Polizeibeh\u00f6rden anheuern.\u00a0In einem n\u00e4chsten Schritt muss der Senat dem Gesetzesentwurf zustimmen. Ob dort die notwendige Mehrheit zustande kommt, ist offen. Der demokratische US-Pr\u00e4sident Joe\u00a0Biden\u00a0unterst\u00fctzt das Gesetz. Das Wei\u00dfe Haus hatte am Montag mitgeteilt, das Vertrauen zwischen der Polizei und den Menschen m\u00fcsse wieder aufgebaut werden, um Sicherheit zu schaffen. &#8222;Wir k\u00f6nnen dieses Vertrauen nicht wiederherstellen, wenn wir Polizeibeamte nicht f\u00fcr Machtmissbrauch zur Rechenschaft ziehen und gegen systemisches Fehlverhalten &#8211; und systemischen Rassismus &#8211; in den Polizeibeh\u00f6rden vorgehen.&#8220;\u00a0Der unbewaffnete Floyd war am 25. Mai in der Stadt Minneapolis im Bundesstaat Minnesota bei einer brutalen Festnahme ums Leben gekommen. Sein Tod f\u00fchrte im ganzen Land zu Massenprotesten gegen Polizeigewalt und Rassismus. Der Prozess gegen den mutma\u00dflichen Hauptt\u00e4ter soll am kommenden Montag beginnen.\u201eEine besondere Freude\u201c: Trumps Ex-Sprecherin geht zu Fox News15.19 Uhr: Die fr\u00fchere Pressesprecherin des Wei\u00dfen Hauses, Kayleigh\u00a0McEnany, geht zum rechten US-Sender Fox News. \u201eEs ist mir heute eine besondere Freude, Kayleigh\u00a0McEnany\u00a0in der Fox-Familie willkommen zu hei\u00dfen. Wir werden in Zukunft noch viel mehr von ihr sehen\u201c, sagte Fox-Moderatorin Harris Faulkner am Dienstag (Ortszeit). Die 32-J\u00e4hrige\u00a0McEnany\u00a0soll laut CNN\u00a0als politische Kommentatorin bei Fox auftreten.Der damalige US-Pr\u00e4sident Donald Trump hatte\u00a0McEnany\u00a0im April 2020 zu seiner Sprecherin gemacht. Wenig sp\u00e4ter hatte\u00a0McEnany\u00a0bei einer Pressekonferenz Reportern zugesagt: \u201eIch werde Sie nie anl\u00fcgen, darauf haben Sie mein Wort.\u201c\u00a0McEnany\u00a0war Trumps vierte Sprecherin nach Sean Spicer, Sarah Huckabee Sanders und Stephanie Grisham. Mehrfach war ihr vorgeworfen worden, nicht die Wahrheit zu sagen. Die \u201eWashington Post\u201c etwa lastete\u00a0McEnany\u00a0an, in ihrer Amtszeit Trumps L\u00fcgen und Unwahrheiten wiederholt und entschuldigt zu haben.Bevor sie den Posten als Pressesprecherin innehatte, arbeitete die Harvard-Absolventin unter anderem f\u00fcr den Sender CNN. In ihrem ersten Interview seit Trumps Auszug aus dem Wei\u00dfen Haus sagte\u00a0McEnany\u00a0im Sender Fox News am Dienstag, sie glaube nicht, dass Trump Verantwortung f\u00fcr den Angriff auf das Kapitol am 6. Januar trage. \u201eIch denke, zu Beginn des Tages, bevor alle zur Kundgebung gingen, erwartete jeder Frieden\u201c.Kreml: USA sollen in der Frage der Sanktionen &#8222;nicht mit dem Feuer spielen&#8220;11.01 Uhr: Nach der Verh\u00e4ngung von US-Sanktionen gegen Vertreter der russischen F\u00fchrung hat der Kreml Washington gewarnt, nicht &#8222;mit dem Feuer zu spielen&#8220;. Das russische Au\u00dfenministerium verbreitete am Dienstagabend eine Erkl\u00e4rung, in der es den USA einen &#8222;anti-russischen Angriff&#8220; vorwarf. Der Politik der USA fehle es dabei an &#8222;Logik und Sinn&#8220;, sie werde die bilateralen Beziehungen &#8222;weiter sch\u00e4digen&#8220;, hie\u00df es in der Erkl\u00e4rung. Washington begr\u00fcndet die Sanktionen mit dem Vorgehen der russischen F\u00fchrung gegen den Kreml-Kritiker Alexej Nawalny.Auf der am Dienstag ver\u00f6ffentlichten US-Sanktionsliste stehen unter anderem der Chef des russischen Inlandsgeheimdienstes FSB, Alexander Bortnikow, und enge Mitarbeiter des russischen Pr\u00e4sidenten Wladimir Putin. Es war das erste Mal, dass von den USA Sanktionen gegen Russland verh\u00e4ngt wurden, seit der neue Pr\u00e4sident Joe Biden im Amt ist. Bidens Regierung ist im Umgang mit Moskau deutlich h\u00e4rter als die Vorg\u00e4ngerregierung unter Pr\u00e4sident Donald\u00a0Trump. Auch die EU gab am Montag Sanktionen gegen vier Mitglieder der russischen Staatsf\u00fchrung bekannt, die in die juristische Verfolgung Nawalnys und die Unterdr\u00fcckung seiner Anh\u00e4nger verwickelt sind.&#8220;Die Absurdit\u00e4t triumphiert&#8220;, erkl\u00e4rte das russische Au\u00dfenministerium. Der Fall Nawalny diene nur als &#8222;Vorwand&#8220;, um sich offen in die &#8222;inneren Angelegenheiten&#8220; Russlands einzumischen. Das Ministerium k\u00fcndigte an, dass Russland &#8222;auf der Grundlage des Prinzips der Gegenseitigkeit&#8220; reagieren werde. Schon in der Vergangenheit seien Versuche, Russland mit Hilfe von Sanktionen oder Druck etwas aufzuzwingen, ins Leere gelaufen.Mehr als 1800 Corona-Tote binnen eines Tages in den USAMittwoch, 3. M\u00e4rz, 10.52 Uhr: In den USA sind 1819 Todesf\u00e4lle binnen eines Tages im Zusammenhang mit dem Corona-Virus registriert worden. Diese Zahl f\u00fcr Dienstag meldete die Johns-Hopkins-Universit\u00e4t (JHU) in Baltimore am Mittwochmorgen (MEZ) auf ihrer Internetseite. Der bisherige H\u00f6chstwert an Corona-Toten wurde am 12. Januar mit 4398 verzeichnet.Die Zahl der registrierten Neuinfektionen in den USA binnen 24 Stunden erreichte am Dienstag JHU zufolge 53\u00a0544. Seit Anfang des Jahres ist sie damit stark gesunken &#8211; von \u00fcber 200\u00a0000 pro Tag auf zuletzt durchschnittlich gut 60\u00a0000. Experten warnen jedoch, dass es auch wegen der neuen Varianten des Virus erneut zu einem Anstieg kommen k\u00f6nne.US-Pr\u00e4sident Joe Biden versprach am Dienstag, dass schon bis Ende Mai gen\u00fcgend Corona-Impfstoff f\u00fcr alle Erwachsenen im Land zur Verf\u00fcgung stehen werde. Bislang hatte Biden das Erreichen dieses Meilensteins im Kampf gegen das weltweit grassierende Virus bis Ende Juli angestrebt. Seit Beginn der dortigen Impfkampagne erhielten knapp 52 Millionen Menschen mindestens eine Impfung, gut 26 Millionen Menschen bekamen bereits beide Impfungen, wie aus Daten der Gesundheitsbeh\u00f6rde CDC hervorging.In den USA mit rund 330 Millionen Einwohnern haben sich nach Daten der JHU bislang 28,7 Millionen Menschen mit dem Erreger Sars-CoV-2 infiziert, mehr als 516\u00a0000 Menschen starben. In absoluten Zahlen gemessen sind das mehr als in jedem anderen Land der Welt. In Brasilien, das von der Pandemie ebenfalls stark getroffen ist, lag die Zahl der am Dienstag registrierten Neuinfektionen mit 59\u00a0925 h\u00f6her als in den USA, wie aus den Daten des Gesundheitsministeriums und der JHU hervorging.Die Johns-Hopkins-Webseite wird regelm\u00e4\u00dfig aktualisiert und zeigt daher einen h\u00f6heren Stand als die offiziellen Zahlen der US-Gesundheitsbeh\u00f6rde CDC oder der Weltgesundheitsorganisation (WHO). In manchen F\u00e4llen werden die Zahlen &#8211; unter anderem die der Neuinfektionen binnen 24 Stunden, aber auch die der Toten &#8211; nachtr\u00e4glich aktualisiert.Trump wurde vor Auszug aus Wei\u00dfem Haus gegen Corona geimpftDienstag, 2. M\u00e4rz, 00.10 Uhr: Der fr\u00fchere US-Pr\u00e4sident Donald Trump und seine Ehefrau Melania sollen noch vor ihrem Auszug aus dem Wei\u00dfen Haus gegen das Coronavirus geimpft worden sein. Das berichteten die &#8222;New York Times&#8220; und der Nachrichtensender CNN am Montag unter Berufung auf einen namentlich nicht genannten Trump-Berater.Um Vertrauen in die Sicherheit der Impfstoffe zu stiften, hatten sich unter anderen der neue US-Pr\u00e4sident Joe Biden, Vizepr\u00e4sidentin Kamala Harris und zuvor auch Ex-Vizepr\u00e4sident Mike Pence \u00f6ffentlich impfen lassen. Trump dagegen verkn\u00fcpfte das Thema Impfen vor allem mit Eigenwerbung: Er sieht es auch als seinen Verdienst an, dass gegen das neuartige Virus so schnell Impfstoffe entwickelt wurden.Mitte Dezember hatte die damalige Sprecherin des Wei\u00dfen Hauses, Kayleigh McEnany, gesagt, Trump sei offen f\u00fcr eine Impfung und wolle die Amerikaner auch dazu ermuntern. Pl\u00e4ne f\u00fcr eine Impfung Trumps gebe es aber nicht, sagte sie damals. Donald und Melania Trump waren im vergangenen Herbst an Covid-19 erkrankt. Der Ex-Pr\u00e4sident musste deswegen im Krankenhaus behandelt werden. Trumps Amtszeit endete am 20. Januar.<br \/>\n\t\t\t\t\t\u00a0\u201eAbscheuliches\u201c B\u00fchnenbild bei Trump-Rede sorgt f\u00fcr Emp\u00f6rungMontag, 1. M\u00e4rz, 11.13 Uhr: Donald Trump hat mit seiner ersten Rede als Ex-US-Pr\u00e4sident auf der Conservative Political Action Conference (CPAC) f\u00fcr Aufsehen gesorgt. Zum einen inhaltlich, weil er erneut behauptete, Biden habe die Wahl &#8222;gestohlen&#8220;. Au\u00dferdem deutete der Republikaner eine erneute Pr\u00e4sidentschaftskandidatur im Jahr 2024 an. Zum anderen durch das B\u00fchnenbild, vor dem er seine Rede hielt. Tausende Twitter-User teilten am Samstag ein Foto des Arrangements, weil sie darin Nazi-Symbole zu erkennen glaubten.<br \/>\n\t\t\t\t\t&#8222;Dort unten sieht man das B\u00fchnen-Design bei der CPAC. Es ist eine Rune, die auch von der SS verwendet wurde. Das ist die B\u00fchne, auf der Ted Cruz von &#8222;Freiheit&#8220; sprach&#8220;, schreibt ein emp\u00f6rter User. Er hat in seinen Post sogar Bilder des Nazi-Symbols und Bilder der CPAC-B\u00fchne kombiniert, tausende teilten den Beitrag. Nun hat sich die Hyatt-Gruppe, deren Hotel in Orlando Austragungsort der Veranstaltung war, zu dem vermeintlichen Nazi-B\u00fchnenbild ge\u00e4u\u00dfert. Sie distanzierte sich vom Organisator und bezeichnete das Arrangement als &#8222;abscheulich&#8220;, wie aus einem offiziellen Statement hervorgeht.<br \/>\n\t\t\t\t\tDerartige Symbole w\u00fcrden eindeutig den Werten des Unternehmens widersprechen. Die Hyatt-Gruppe weist zudem darauf hin, dass das Event von der American Conservative Union geplant worden sei, &#8222;was auch s\u00e4mtliche logistische Aspekte wie das B\u00fchnendesign betrifft&#8220;. Man werde mit den Veranstaltern im Dialog bleiben und \u00fcber die &#8222;tiefen Bedenken&#8220; hinsichtlich des Arrangements sprechen, hei\u00dft es in dem Statement.Als Trump seine Wahl-L\u00fcge wiederholt, bricht der Saal in Applaus aus<br \/>\n\t\t\t\t\t23.10 Uhr: Kritik an Joe Biden, Hetze gegen Einwanderer und L\u00fcgen zu seiner Wahlniederlage: Mit vertrauten Themen hat der ehemalige US-Pr\u00e4sident Donald Trump seine Comeback-Rede bei der rechtskonservativen Konferenz CPAC er\u00f6ffnet. \u201eWir alle wussten, dass die Biden-Regierung schlimm sein w\u00fcrde, aber wir konnten uns nicht ausmalen, wie schlimm es werden w\u00fcrde\u201c, sagte Trump am Sonntagabend deutscher Zeit in einem vollbesetzten Hotelsaal in Orlando (Florida).Der Ex-Pr\u00e4sident \u00fcberlege gerade, bei der Wahl 2024 noch einmal anzutreten. \u201eVielleicht schlage ich ihn noch ein drittes Mal\u201c, sagte Trump \u2013 der Applaus der Menge war ihm gewiss. Der bei der Pr\u00e4sidentschaftswahl im November unterlegene Trump behauptet nach wie vor wahrheitswidrig, Kontrahent Biden habe die Wahl \u201egestohlen\u201c. Ein von Trump angestachelter Mob, der die Zertifizierung von Bidens Wahlsieg verhindern wollte, hatte bei der Erst\u00fcrmung des Kapitols in Washington am 6. Januar den Tod von f\u00fcnf Menschen verursacht.<br \/>\n\t\t\t\t\tEinen gro\u00dfen Teil seiner Rede verwendete Trump zu Beginn auf das Thema Migration. \u201eSie kommen jetzt zu Zehntausenden, sie kommen wegen der Dinge, die er versprochen hat\u201c, sagte Trump \u00fcber die Migrationspolitik seines Nachfolgers Biden. Die aktuellsten Zahlen zu Grenz\u00fcbertritten in den USA datieren allerdings aus dem Januar. \u00dcber die s\u00fcdliche Grenze zu Mexiko k\u00e4men Vergewaltiger und Verbrecher in gro\u00dfer Zahl, f\u00fcgte der Ex-Pr\u00e4sident noch ohne Belege hinzu.Die Neugr\u00fcndung einer eigenen Partei schloss Trump wiederum aus. \u201eIch werde keine neue Partei gr\u00fcnden\u201c, sagte er. \u201eWir haben die republikanische Partei.\u201c Sie werde vereint und st\u00e4rker als je zuvor sein. \u201eIch werde weiterhin direkt an eurer Seite k\u00e4mpfen.\u201c Fr\u00fchere Berichte \u00fcber eine m\u00f6gliche Gr\u00fcndung einer eigenen Partei seien \u201eFake News\u201c gewesen.<br \/>\n <br \/>[ad_2]<br \/>\n <br \/><a href=\"https:\/\/www.focus.de\/politik\/ausland\/us-politik-im-news-ticker-nach-george-floyd-us-repraesentantenhaus-stimmt-polizeireformen-zu_id_12891944.html\">\u0421\u0441\u044b\u043b\u043a\u0430 \u043d\u0430 \u0438\u0441\u0442\u043e\u0447\u043d\u0438\u043a <\/a><\/p>\n","protected":false},"excerpt":{"rendered":"<p>[ad_1] Nach George Floyd: US-Repr\u00e4sentantenhaus stimmt Polizeireformen zuFreitag, 5. M\u00e4rz, 13.38 Uhr: Mehr als neun Monate nach dem Tod des Afroamerikaners George Floyd bei einem brutalen Polizeieinsatz in den USA\u00a0hat das US-Repr\u00e4sentantenhaus umfassenden Polizeireformen zugestimmt. Eine Mehrheit in der von den Demokraten dominierten Parlamentskammer billigte den nach George Floyd benannten Gesetzesentwurf am Mittwochabend (Ortszeit). 220 [&hellip;]<\/p>\n","protected":false},"author":1,"featured_media":0,"comment_status":"open","ping_status":"open","sticky":false,"template":"","format":"standard","meta":{"footnotes":""},"categories":[1],"tags":[],"class_list":["post-1092","post","type-post","status-publish","format-standard","hentry","category-neuigkeiten"],"yoast_head":"<!-- This site is optimized with the Yoast SEO plugin v27.4 - https:\/\/yoast.com\/product\/yoast-seo-wordpress\/ -->\n<title>US-Politik: Nach George Floyd - US-Repr\u00e4sentantenhaus stimmt Polizeireformen zu - Favorite News<\/title>\n<meta name=\"robots\" content=\"index, follow, max-snippet:-1, max-image-preview:large, max-video-preview:-1\" \/>\n<link rel=\"canonical\" href=\"https:\/\/favorite-news.com\/de\/us-politik-nach-george-floyd-us-repraesentantenhaus-stimmt-polizeireformen-zu\/\" \/>\n<meta property=\"og:locale\" content=\"de_DE\" \/>\n<meta property=\"og:type\" content=\"article\" \/>\n<meta property=\"og:title\" content=\"US-Politik: Nach George Floyd - US-Repr\u00e4sentantenhaus stimmt Polizeireformen zu - Favorite News\" \/>\n<meta property=\"og:description\" content=\"[ad_1] Nach George Floyd: US-Repr\u00e4sentantenhaus stimmt Polizeireformen zuFreitag, 5. M\u00e4rz, 13.38 Uhr: Mehr als neun Monate nach dem Tod des Afroamerikaners George Floyd bei einem brutalen Polizeieinsatz in den USA\u00a0hat das US-Repr\u00e4sentantenhaus umfassenden Polizeireformen zugestimmt. Eine Mehrheit in der von den Demokraten dominierten Parlamentskammer billigte den nach George Floyd benannten Gesetzesentwurf am Mittwochabend (Ortszeit). 220 [&hellip;]\" \/>\n<meta property=\"og:url\" content=\"https:\/\/favorite-news.com\/de\/us-politik-nach-george-floyd-us-repraesentantenhaus-stimmt-polizeireformen-zu\/\" \/>\n<meta property=\"og:site_name\" content=\"Favorite News\" \/>\n<meta property=\"article:published_time\" content=\"2021-03-05T12:46:26+00:00\" \/>\n<meta name=\"author\" content=\"favorite-news\" \/>\n<meta name=\"twitter:card\" content=\"summary_large_image\" \/>\n<meta name=\"twitter:label1\" content=\"Verfasst von\" \/>\n\t<meta name=\"twitter:data1\" content=\"favorite-news\" \/>\n\t<meta name=\"twitter:label2\" content=\"Gesch\u00e4tzte Lesezeit\" \/>\n\t<meta name=\"twitter:data2\" content=\"9\u00a0Minuten\" \/>\n<script type=\"application\/ld+json\" class=\"yoast-schema-graph\">{\"@context\":\"https:\\\/\\\/schema.org\",\"@graph\":[{\"@type\":\"Article\",\"@id\":\"https:\\\/\\\/favorite-news.com\\\/de\\\/us-politik-nach-george-floyd-us-repraesentantenhaus-stimmt-polizeireformen-zu\\\/#article\",\"isPartOf\":{\"@id\":\"https:\\\/\\\/favorite-news.com\\\/de\\\/us-politik-nach-george-floyd-us-repraesentantenhaus-stimmt-polizeireformen-zu\\\/\"},\"author\":{\"name\":\"favorite-news\",\"@id\":\"https:\\\/\\\/favorite-news.com\\\/de\\\/#\\\/schema\\\/person\\\/b66c4cfdd10a5bf16d7d5efda647111f\"},\"headline\":\"US-Politik: Nach George Floyd &#8211; US-Repr\u00e4sentantenhaus stimmt Polizeireformen zu\",\"datePublished\":\"2021-03-05T12:46:26+00:00\",\"mainEntityOfPage\":{\"@id\":\"https:\\\/\\\/favorite-news.com\\\/de\\\/us-politik-nach-george-floyd-us-repraesentantenhaus-stimmt-polizeireformen-zu\\\/\"},\"wordCount\":1780,\"commentCount\":0,\"articleSection\":[\"NEUIGKEITEN\"],\"inLanguage\":\"de\",\"potentialAction\":[{\"@type\":\"CommentAction\",\"name\":\"Comment\",\"target\":[\"https:\\\/\\\/favorite-news.com\\\/de\\\/us-politik-nach-george-floyd-us-repraesentantenhaus-stimmt-polizeireformen-zu\\\/#respond\"]}]},{\"@type\":\"WebPage\",\"@id\":\"https:\\\/\\\/favorite-news.com\\\/de\\\/us-politik-nach-george-floyd-us-repraesentantenhaus-stimmt-polizeireformen-zu\\\/\",\"url\":\"https:\\\/\\\/favorite-news.com\\\/de\\\/us-politik-nach-george-floyd-us-repraesentantenhaus-stimmt-polizeireformen-zu\\\/\",\"name\":\"US-Politik: Nach George Floyd - US-Repr\u00e4sentantenhaus stimmt Polizeireformen zu - Favorite News\",\"isPartOf\":{\"@id\":\"https:\\\/\\\/favorite-news.com\\\/de\\\/#website\"},\"datePublished\":\"2021-03-05T12:46:26+00:00\",\"author\":{\"@id\":\"https:\\\/\\\/favorite-news.com\\\/de\\\/#\\\/schema\\\/person\\\/b66c4cfdd10a5bf16d7d5efda647111f\"},\"breadcrumb\":{\"@id\":\"https:\\\/\\\/favorite-news.com\\\/de\\\/us-politik-nach-george-floyd-us-repraesentantenhaus-stimmt-polizeireformen-zu\\\/#breadcrumb\"},\"inLanguage\":\"de\",\"potentialAction\":[{\"@type\":\"ReadAction\",\"target\":[\"https:\\\/\\\/favorite-news.com\\\/de\\\/us-politik-nach-george-floyd-us-repraesentantenhaus-stimmt-polizeireformen-zu\\\/\"]}]},{\"@type\":\"BreadcrumbList\",\"@id\":\"https:\\\/\\\/favorite-news.com\\\/de\\\/us-politik-nach-george-floyd-us-repraesentantenhaus-stimmt-polizeireformen-zu\\\/#breadcrumb\",\"itemListElement\":[{\"@type\":\"ListItem\",\"position\":1,\"name\":\"Home\",\"item\":\"https:\\\/\\\/favorite-news.com\\\/de\\\/\"},{\"@type\":\"ListItem\",\"position\":2,\"name\":\"US-Politik: Nach George Floyd &#8211; US-Repr\u00e4sentantenhaus stimmt Polizeireformen zu\"}]},{\"@type\":\"WebSite\",\"@id\":\"https:\\\/\\\/favorite-news.com\\\/de\\\/#website\",\"url\":\"https:\\\/\\\/favorite-news.com\\\/de\\\/\",\"name\":\"Favorite News\",\"description\":\"Favorite News Germany\",\"potentialAction\":[{\"@type\":\"SearchAction\",\"target\":{\"@type\":\"EntryPoint\",\"urlTemplate\":\"https:\\\/\\\/favorite-news.com\\\/de\\\/?s={search_term_string}\"},\"query-input\":{\"@type\":\"PropertyValueSpecification\",\"valueRequired\":true,\"valueName\":\"search_term_string\"}}],\"inLanguage\":\"de\"},{\"@type\":\"Person\",\"@id\":\"https:\\\/\\\/favorite-news.com\\\/de\\\/#\\\/schema\\\/person\\\/b66c4cfdd10a5bf16d7d5efda647111f\",\"name\":\"favorite-news\",\"image\":{\"@type\":\"ImageObject\",\"inLanguage\":\"de\",\"@id\":\"https:\\\/\\\/secure.gravatar.com\\\/avatar\\\/f89959e01423a9ee3c2debbcf830eb021c575de0e1b3781ca3ae392b71c615a1?s=96&d=mm&r=g\",\"url\":\"https:\\\/\\\/secure.gravatar.com\\\/avatar\\\/f89959e01423a9ee3c2debbcf830eb021c575de0e1b3781ca3ae392b71c615a1?s=96&d=mm&r=g\",\"contentUrl\":\"https:\\\/\\\/secure.gravatar.com\\\/avatar\\\/f89959e01423a9ee3c2debbcf830eb021c575de0e1b3781ca3ae392b71c615a1?s=96&d=mm&r=g\",\"caption\":\"favorite-news\"},\"url\":\"https:\\\/\\\/favorite-news.com\\\/de\\\/author\\\/ruby\\\/\"}]}<\/script>\n<!-- \/ Yoast SEO plugin. -->","yoast_head_json":{"title":"US-Politik: Nach George Floyd - US-Repr\u00e4sentantenhaus stimmt Polizeireformen zu - Favorite News","robots":{"index":"index","follow":"follow","max-snippet":"max-snippet:-1","max-image-preview":"max-image-preview:large","max-video-preview":"max-video-preview:-1"},"canonical":"https:\/\/favorite-news.com\/de\/us-politik-nach-george-floyd-us-repraesentantenhaus-stimmt-polizeireformen-zu\/","og_locale":"de_DE","og_type":"article","og_title":"US-Politik: Nach George Floyd - US-Repr\u00e4sentantenhaus stimmt Polizeireformen zu - Favorite News","og_description":"[ad_1] Nach George Floyd: US-Repr\u00e4sentantenhaus stimmt Polizeireformen zuFreitag, 5. M\u00e4rz, 13.38 Uhr: Mehr als neun Monate nach dem Tod des Afroamerikaners George Floyd bei einem brutalen Polizeieinsatz in den USA\u00a0hat das US-Repr\u00e4sentantenhaus umfassenden Polizeireformen zugestimmt. Eine Mehrheit in der von den Demokraten dominierten Parlamentskammer billigte den nach George Floyd benannten Gesetzesentwurf am Mittwochabend (Ortszeit). 220 [&hellip;]","og_url":"https:\/\/favorite-news.com\/de\/us-politik-nach-george-floyd-us-repraesentantenhaus-stimmt-polizeireformen-zu\/","og_site_name":"Favorite News","article_published_time":"2021-03-05T12:46:26+00:00","author":"favorite-news","twitter_card":"summary_large_image","twitter_misc":{"Verfasst von":"favorite-news","Gesch\u00e4tzte Lesezeit":"9\u00a0Minuten"},"schema":{"@context":"https:\/\/schema.org","@graph":[{"@type":"Article","@id":"https:\/\/favorite-news.com\/de\/us-politik-nach-george-floyd-us-repraesentantenhaus-stimmt-polizeireformen-zu\/#article","isPartOf":{"@id":"https:\/\/favorite-news.com\/de\/us-politik-nach-george-floyd-us-repraesentantenhaus-stimmt-polizeireformen-zu\/"},"author":{"name":"favorite-news","@id":"https:\/\/favorite-news.com\/de\/#\/schema\/person\/b66c4cfdd10a5bf16d7d5efda647111f"},"headline":"US-Politik: Nach George Floyd &#8211; US-Repr\u00e4sentantenhaus stimmt Polizeireformen zu","datePublished":"2021-03-05T12:46:26+00:00","mainEntityOfPage":{"@id":"https:\/\/favorite-news.com\/de\/us-politik-nach-george-floyd-us-repraesentantenhaus-stimmt-polizeireformen-zu\/"},"wordCount":1780,"commentCount":0,"articleSection":["NEUIGKEITEN"],"inLanguage":"de","potentialAction":[{"@type":"CommentAction","name":"Comment","target":["https:\/\/favorite-news.com\/de\/us-politik-nach-george-floyd-us-repraesentantenhaus-stimmt-polizeireformen-zu\/#respond"]}]},{"@type":"WebPage","@id":"https:\/\/favorite-news.com\/de\/us-politik-nach-george-floyd-us-repraesentantenhaus-stimmt-polizeireformen-zu\/","url":"https:\/\/favorite-news.com\/de\/us-politik-nach-george-floyd-us-repraesentantenhaus-stimmt-polizeireformen-zu\/","name":"US-Politik: Nach George Floyd - US-Repr\u00e4sentantenhaus stimmt Polizeireformen zu - Favorite News","isPartOf":{"@id":"https:\/\/favorite-news.com\/de\/#website"},"datePublished":"2021-03-05T12:46:26+00:00","author":{"@id":"https:\/\/favorite-news.com\/de\/#\/schema\/person\/b66c4cfdd10a5bf16d7d5efda647111f"},"breadcrumb":{"@id":"https:\/\/favorite-news.com\/de\/us-politik-nach-george-floyd-us-repraesentantenhaus-stimmt-polizeireformen-zu\/#breadcrumb"},"inLanguage":"de","potentialAction":[{"@type":"ReadAction","target":["https:\/\/favorite-news.com\/de\/us-politik-nach-george-floyd-us-repraesentantenhaus-stimmt-polizeireformen-zu\/"]}]},{"@type":"BreadcrumbList","@id":"https:\/\/favorite-news.com\/de\/us-politik-nach-george-floyd-us-repraesentantenhaus-stimmt-polizeireformen-zu\/#breadcrumb","itemListElement":[{"@type":"ListItem","position":1,"name":"Home","item":"https:\/\/favorite-news.com\/de\/"},{"@type":"ListItem","position":2,"name":"US-Politik: Nach George Floyd &#8211; US-Repr\u00e4sentantenhaus stimmt Polizeireformen zu"}]},{"@type":"WebSite","@id":"https:\/\/favorite-news.com\/de\/#website","url":"https:\/\/favorite-news.com\/de\/","name":"Favorite News","description":"Favorite News Germany","potentialAction":[{"@type":"SearchAction","target":{"@type":"EntryPoint","urlTemplate":"https:\/\/favorite-news.com\/de\/?s={search_term_string}"},"query-input":{"@type":"PropertyValueSpecification","valueRequired":true,"valueName":"search_term_string"}}],"inLanguage":"de"},{"@type":"Person","@id":"https:\/\/favorite-news.com\/de\/#\/schema\/person\/b66c4cfdd10a5bf16d7d5efda647111f","name":"favorite-news","image":{"@type":"ImageObject","inLanguage":"de","@id":"https:\/\/secure.gravatar.com\/avatar\/f89959e01423a9ee3c2debbcf830eb021c575de0e1b3781ca3ae392b71c615a1?s=96&d=mm&r=g","url":"https:\/\/secure.gravatar.com\/avatar\/f89959e01423a9ee3c2debbcf830eb021c575de0e1b3781ca3ae392b71c615a1?s=96&d=mm&r=g","contentUrl":"https:\/\/secure.gravatar.com\/avatar\/f89959e01423a9ee3c2debbcf830eb021c575de0e1b3781ca3ae392b71c615a1?s=96&d=mm&r=g","caption":"favorite-news"},"url":"https:\/\/favorite-news.com\/de\/author\/ruby\/"}]}},"_links":{"self":[{"href":"https:\/\/favorite-news.com\/de\/wp-json\/wp\/v2\/posts\/1092","targetHints":{"allow":["GET"]}}],"collection":[{"href":"https:\/\/favorite-news.com\/de\/wp-json\/wp\/v2\/posts"}],"about":[{"href":"https:\/\/favorite-news.com\/de\/wp-json\/wp\/v2\/types\/post"}],"author":[{"embeddable":true,"href":"https:\/\/favorite-news.com\/de\/wp-json\/wp\/v2\/users\/1"}],"replies":[{"embeddable":true,"href":"https:\/\/favorite-news.com\/de\/wp-json\/wp\/v2\/comments?post=1092"}],"version-history":[{"count":0,"href":"https:\/\/favorite-news.com\/de\/wp-json\/wp\/v2\/posts\/1092\/revisions"}],"wp:attachment":[{"href":"https:\/\/favorite-news.com\/de\/wp-json\/wp\/v2\/media?parent=1092"}],"wp:term":[{"taxonomy":"category","embeddable":true,"href":"https:\/\/favorite-news.com\/de\/wp-json\/wp\/v2\/categories?post=1092"},{"taxonomy":"post_tag","embeddable":true,"href":"https:\/\/favorite-news.com\/de\/wp-json\/wp\/v2\/tags?post=1092"}],"curies":[{"name":"wp","href":"https:\/\/api.w.org\/{rel}","templated":true}]}}