{"id":1076,"date":"2021-03-04T13:58:21","date_gmt":"2021-03-04T13:58:21","guid":{"rendered":"https:\/\/favorite-news.com\/de\/pietro-lombardi-kritisiert-ex-laura-und-rudert-dann-zurueck-mittel-zum-zweck\/"},"modified":"2021-03-04T13:58:21","modified_gmt":"2021-03-04T13:58:21","slug":"pietro-lombardi-kritisiert-ex-laura-und-rudert-dann-zurueck-mittel-zum-zweck","status":"publish","type":"post","link":"https:\/\/favorite-news.com\/de\/pietro-lombardi-kritisiert-ex-laura-und-rudert-dann-zurueck-mittel-zum-zweck\/","title":{"rendered":"Pietro Lombardi kritisiert Ex Laura und rudert dann zur\u00fcck &#8211; \u201eMittel zum Zweck\u201c"},"content":{"rendered":"<p>[ad_1]<br \/>\n <br \/>\n\t\tPietro Lombardi er\u00f6ffnet eine neue Instagram-Story mit den Worten: &#8222;Ich glaube, es ist an der Zeit, mit euch zu reden, denn es gibt bei mir viele Sachen, die mich extrem belasten&#8220;. Lombardi habe seine Fans in den vergangenen Monaten &#8222;komplett vernachl\u00e4ssigt&#8220;, was ihm jetzt leidtue. &#8222;Ihr m\u00fcsst verstehen, ich war f\u00fcnf Jahre in keiner Beziehung&#8220;, sagte er und betonte: &#8222;Ich habe geliebt.&#8220; Das Hin und Her habe es allerdings nicht leichter gemacht.Nachdem der fr\u00fchere Sieger der Castingshow &#8222;Deutschland sucht den Superstar&#8220; nach eigenen Worten lange Single gewesen war, stellte Lombardi die Influencerin Laura Maria als neue Frau an seiner Seite vor. Die Trennung folgte aber nur Wochen sp\u00e4ter &#8211; ebenso die Spekulationen, die beiden seien wom\u00f6glich doch wieder ein Paar.Pietro Lombardi \u00fcber Ex: \u201eF\u00fcr mich pers\u00f6nlich war ich Mittel zum Zweck\u201cLombardi sagte nun in seiner Instagram-Story: &#8222;Wir sind nicht mehr zusammen. F\u00fcr mich pers\u00f6nlich war ich Mittel zum Zweck, aber das spielt auch jetzt keine Rolle mehr.&#8220; Er wolle &#8222;gegen niemanden schie\u00dfen&#8220;. Direkt an seine Ex adressiert, f\u00fcgte er hinzu: &#8222;Laura, ich w\u00fcnsche dir nur das Beste, wirklich. Du hast tolle Eltern, du hast tolle Geschwister. Geh&#8216; deinen Weg. Du wirst deinen Weg schon irgendwie gehen &#8211; und danke, dass mein Herz f\u00fcr eine kurze Zeit wieder aktiv war.&#8220; Das Kapitel sei damit aber f\u00fcr ihn abgeschlossen.Lombardi entschuldigt sich bei Ex-Frau SarahZugleich richtete sich Lombardi auch an seine Ex-Frau und Kollegin Sarah Lombardi, mit der er den gemeinsamen Sohn Alessio hat: &#8222;Ich will mich auch bei dir entschuldigen, Sarah, auch wenn es mir extrem schwerf\u00e4llt. Denn ich war auch zu dir nicht immer korrekt gewesen. Ich war wahrscheinlich nicht der Vater, den du dir gew\u00fcnscht hast f\u00fcr den Kleinen&#8220; \u2013 er sei einfach &#8222;extrem durcheinander&#8220; gewesen, sagt er.F\u00fcr die Zukunft w\u00fcnsche er sich &#8222;eine Frau, die zu 100 Prozent hinter mir und zu mir steht&#8220;, sagt er und scherzt: &#8222;Aber ich habe ja jetzt wieder f\u00fcnf Jahre Zeit.&#8220;Nach Kritik an Ex-Freundin Laura rudert Pietro Lombardi wieder zur\u00fcckEinige Stunden nachdem Lombardi seine Instagram-Story ver\u00f6ffentlicht hat, rudert er allerdings wieder zur\u00fcck und l\u00f6scht die Passage, in der er \u00fcber seine Ex-Freundin sagte, er sei &#8222;Mittel zum Zweck&#8220; gewesen.An seine Fans schreibt er, er habe damit nicht erreichen wollen, dass Laura &#8222;von allen Seiten Hassnachrichten bekommt und schlechtgemacht wird&#8220;. Die Aussage &#8222;Mittel zum Zweck&#8220; sei &#8222;aus der Emotion&#8220; entstanden.<br \/>\n <br \/>[ad_2]<br \/>\n <br \/><a href=\"https:\/\/www.focus.de\/kultur\/kino_tv\/mittel-zum-zweck-pietro-lombardi-kritisiert-ex-laura-und-rudert-dann-zurueck_id_13047152.html\">\u0421\u0441\u044b\u043b\u043a\u0430 \u043d\u0430 \u0438\u0441\u0442\u043e\u0447\u043d\u0438\u043a <\/a><\/p>\n","protected":false},"excerpt":{"rendered":"<p>[ad_1] Pietro Lombardi er\u00f6ffnet eine neue Instagram-Story mit den Worten: &#8222;Ich glaube, es ist an der Zeit, mit euch zu reden, denn es gibt bei mir viele Sachen, die mich extrem belasten&#8220;. Lombardi habe seine Fans in den vergangenen Monaten &#8222;komplett vernachl\u00e4ssigt&#8220;, was ihm jetzt leidtue. &#8222;Ihr m\u00fcsst verstehen, ich war f\u00fcnf Jahre in keiner [&hellip;]<\/p>\n","protected":false},"author":1,"featured_media":0,"comment_status":"open","ping_status":"open","sticky":false,"template":"","format":"standard","meta":{"footnotes":""},"categories":[1],"tags":[],"class_list":["post-1076","post","type-post","status-publish","format-standard","hentry","category-neuigkeiten"],"yoast_head":"<!-- This site is optimized with the Yoast SEO plugin v27.4 - https:\/\/yoast.com\/product\/yoast-seo-wordpress\/ -->\n<title>Pietro Lombardi kritisiert Ex Laura und rudert dann zur\u00fcck - \u201eMittel zum Zweck\u201c - Favorite News<\/title>\n<meta name=\"robots\" content=\"index, follow, max-snippet:-1, max-image-preview:large, max-video-preview:-1\" \/>\n<link rel=\"canonical\" href=\"https:\/\/favorite-news.com\/de\/pietro-lombardi-kritisiert-ex-laura-und-rudert-dann-zurueck-mittel-zum-zweck\/\" \/>\n<meta property=\"og:locale\" content=\"de_DE\" \/>\n<meta property=\"og:type\" content=\"article\" \/>\n<meta property=\"og:title\" content=\"Pietro Lombardi kritisiert Ex Laura und rudert dann zur\u00fcck - \u201eMittel zum Zweck\u201c - Favorite News\" \/>\n<meta property=\"og:description\" content=\"[ad_1] Pietro Lombardi er\u00f6ffnet eine neue Instagram-Story mit den Worten: &#8222;Ich glaube, es ist an der Zeit, mit euch zu reden, denn es gibt bei mir viele Sachen, die mich extrem belasten&#8220;. Lombardi habe seine Fans in den vergangenen Monaten &#8222;komplett vernachl\u00e4ssigt&#8220;, was ihm jetzt leidtue. &#8222;Ihr m\u00fcsst verstehen, ich war f\u00fcnf Jahre in keiner [&hellip;]\" \/>\n<meta property=\"og:url\" content=\"https:\/\/favorite-news.com\/de\/pietro-lombardi-kritisiert-ex-laura-und-rudert-dann-zurueck-mittel-zum-zweck\/\" \/>\n<meta property=\"og:site_name\" content=\"Favorite News\" \/>\n<meta property=\"article:published_time\" content=\"2021-03-04T13:58:21+00:00\" \/>\n<meta name=\"author\" content=\"favorite-news\" \/>\n<meta name=\"twitter:card\" content=\"summary_large_image\" \/>\n<meta name=\"twitter:label1\" content=\"Verfasst von\" \/>\n\t<meta name=\"twitter:data1\" content=\"favorite-news\" \/>\n\t<meta name=\"twitter:label2\" content=\"Gesch\u00e4tzte Lesezeit\" \/>\n\t<meta name=\"twitter:data2\" content=\"2\u00a0Minuten\" \/>\n<script type=\"application\/ld+json\" class=\"yoast-schema-graph\">{\"@context\":\"https:\\\/\\\/schema.org\",\"@graph\":[{\"@type\":\"Article\",\"@id\":\"https:\\\/\\\/favorite-news.com\\\/de\\\/pietro-lombardi-kritisiert-ex-laura-und-rudert-dann-zurueck-mittel-zum-zweck\\\/#article\",\"isPartOf\":{\"@id\":\"https:\\\/\\\/favorite-news.com\\\/de\\\/pietro-lombardi-kritisiert-ex-laura-und-rudert-dann-zurueck-mittel-zum-zweck\\\/\"},\"author\":{\"name\":\"favorite-news\",\"@id\":\"https:\\\/\\\/favorite-news.com\\\/de\\\/#\\\/schema\\\/person\\\/b66c4cfdd10a5bf16d7d5efda647111f\"},\"headline\":\"Pietro Lombardi kritisiert Ex Laura und rudert dann zur\u00fcck &#8211; \u201eMittel zum Zweck\u201c\",\"datePublished\":\"2021-03-04T13:58:21+00:00\",\"mainEntityOfPage\":{\"@id\":\"https:\\\/\\\/favorite-news.com\\\/de\\\/pietro-lombardi-kritisiert-ex-laura-und-rudert-dann-zurueck-mittel-zum-zweck\\\/\"},\"wordCount\":436,\"commentCount\":0,\"articleSection\":[\"NEUIGKEITEN\"],\"inLanguage\":\"de\",\"potentialAction\":[{\"@type\":\"CommentAction\",\"name\":\"Comment\",\"target\":[\"https:\\\/\\\/favorite-news.com\\\/de\\\/pietro-lombardi-kritisiert-ex-laura-und-rudert-dann-zurueck-mittel-zum-zweck\\\/#respond\"]}]},{\"@type\":\"WebPage\",\"@id\":\"https:\\\/\\\/favorite-news.com\\\/de\\\/pietro-lombardi-kritisiert-ex-laura-und-rudert-dann-zurueck-mittel-zum-zweck\\\/\",\"url\":\"https:\\\/\\\/favorite-news.com\\\/de\\\/pietro-lombardi-kritisiert-ex-laura-und-rudert-dann-zurueck-mittel-zum-zweck\\\/\",\"name\":\"Pietro Lombardi kritisiert Ex Laura und rudert dann zur\u00fcck - \u201eMittel zum Zweck\u201c - Favorite News\",\"isPartOf\":{\"@id\":\"https:\\\/\\\/favorite-news.com\\\/de\\\/#website\"},\"datePublished\":\"2021-03-04T13:58:21+00:00\",\"author\":{\"@id\":\"https:\\\/\\\/favorite-news.com\\\/de\\\/#\\\/schema\\\/person\\\/b66c4cfdd10a5bf16d7d5efda647111f\"},\"breadcrumb\":{\"@id\":\"https:\\\/\\\/favorite-news.com\\\/de\\\/pietro-lombardi-kritisiert-ex-laura-und-rudert-dann-zurueck-mittel-zum-zweck\\\/#breadcrumb\"},\"inLanguage\":\"de\",\"potentialAction\":[{\"@type\":\"ReadAction\",\"target\":[\"https:\\\/\\\/favorite-news.com\\\/de\\\/pietro-lombardi-kritisiert-ex-laura-und-rudert-dann-zurueck-mittel-zum-zweck\\\/\"]}]},{\"@type\":\"BreadcrumbList\",\"@id\":\"https:\\\/\\\/favorite-news.com\\\/de\\\/pietro-lombardi-kritisiert-ex-laura-und-rudert-dann-zurueck-mittel-zum-zweck\\\/#breadcrumb\",\"itemListElement\":[{\"@type\":\"ListItem\",\"position\":1,\"name\":\"Home\",\"item\":\"https:\\\/\\\/favorite-news.com\\\/de\\\/\"},{\"@type\":\"ListItem\",\"position\":2,\"name\":\"Pietro Lombardi kritisiert Ex Laura und rudert dann zur\u00fcck &#8211; \u201eMittel zum Zweck\u201c\"}]},{\"@type\":\"WebSite\",\"@id\":\"https:\\\/\\\/favorite-news.com\\\/de\\\/#website\",\"url\":\"https:\\\/\\\/favorite-news.com\\\/de\\\/\",\"name\":\"Favorite News\",\"description\":\"Favorite News Germany\",\"potentialAction\":[{\"@type\":\"SearchAction\",\"target\":{\"@type\":\"EntryPoint\",\"urlTemplate\":\"https:\\\/\\\/favorite-news.com\\\/de\\\/?s={search_term_string}\"},\"query-input\":{\"@type\":\"PropertyValueSpecification\",\"valueRequired\":true,\"valueName\":\"search_term_string\"}}],\"inLanguage\":\"de\"},{\"@type\":\"Person\",\"@id\":\"https:\\\/\\\/favorite-news.com\\\/de\\\/#\\\/schema\\\/person\\\/b66c4cfdd10a5bf16d7d5efda647111f\",\"name\":\"favorite-news\",\"image\":{\"@type\":\"ImageObject\",\"inLanguage\":\"de\",\"@id\":\"https:\\\/\\\/secure.gravatar.com\\\/avatar\\\/f89959e01423a9ee3c2debbcf830eb021c575de0e1b3781ca3ae392b71c615a1?s=96&d=mm&r=g\",\"url\":\"https:\\\/\\\/secure.gravatar.com\\\/avatar\\\/f89959e01423a9ee3c2debbcf830eb021c575de0e1b3781ca3ae392b71c615a1?s=96&d=mm&r=g\",\"contentUrl\":\"https:\\\/\\\/secure.gravatar.com\\\/avatar\\\/f89959e01423a9ee3c2debbcf830eb021c575de0e1b3781ca3ae392b71c615a1?s=96&d=mm&r=g\",\"caption\":\"favorite-news\"},\"url\":\"https:\\\/\\\/favorite-news.com\\\/de\\\/author\\\/ruby\\\/\"}]}<\/script>\n<!-- \/ Yoast SEO plugin. -->","yoast_head_json":{"title":"Pietro Lombardi kritisiert Ex Laura und rudert dann zur\u00fcck - \u201eMittel zum Zweck\u201c - Favorite News","robots":{"index":"index","follow":"follow","max-snippet":"max-snippet:-1","max-image-preview":"max-image-preview:large","max-video-preview":"max-video-preview:-1"},"canonical":"https:\/\/favorite-news.com\/de\/pietro-lombardi-kritisiert-ex-laura-und-rudert-dann-zurueck-mittel-zum-zweck\/","og_locale":"de_DE","og_type":"article","og_title":"Pietro Lombardi kritisiert Ex Laura und rudert dann zur\u00fcck - \u201eMittel zum Zweck\u201c - Favorite News","og_description":"[ad_1] Pietro Lombardi er\u00f6ffnet eine neue Instagram-Story mit den Worten: &#8222;Ich glaube, es ist an der Zeit, mit euch zu reden, denn es gibt bei mir viele Sachen, die mich extrem belasten&#8220;. Lombardi habe seine Fans in den vergangenen Monaten &#8222;komplett vernachl\u00e4ssigt&#8220;, was ihm jetzt leidtue. &#8222;Ihr m\u00fcsst verstehen, ich war f\u00fcnf Jahre in keiner [&hellip;]","og_url":"https:\/\/favorite-news.com\/de\/pietro-lombardi-kritisiert-ex-laura-und-rudert-dann-zurueck-mittel-zum-zweck\/","og_site_name":"Favorite News","article_published_time":"2021-03-04T13:58:21+00:00","author":"favorite-news","twitter_card":"summary_large_image","twitter_misc":{"Verfasst von":"favorite-news","Gesch\u00e4tzte Lesezeit":"2\u00a0Minuten"},"schema":{"@context":"https:\/\/schema.org","@graph":[{"@type":"Article","@id":"https:\/\/favorite-news.com\/de\/pietro-lombardi-kritisiert-ex-laura-und-rudert-dann-zurueck-mittel-zum-zweck\/#article","isPartOf":{"@id":"https:\/\/favorite-news.com\/de\/pietro-lombardi-kritisiert-ex-laura-und-rudert-dann-zurueck-mittel-zum-zweck\/"},"author":{"name":"favorite-news","@id":"https:\/\/favorite-news.com\/de\/#\/schema\/person\/b66c4cfdd10a5bf16d7d5efda647111f"},"headline":"Pietro Lombardi kritisiert Ex Laura und rudert dann zur\u00fcck &#8211; \u201eMittel zum Zweck\u201c","datePublished":"2021-03-04T13:58:21+00:00","mainEntityOfPage":{"@id":"https:\/\/favorite-news.com\/de\/pietro-lombardi-kritisiert-ex-laura-und-rudert-dann-zurueck-mittel-zum-zweck\/"},"wordCount":436,"commentCount":0,"articleSection":["NEUIGKEITEN"],"inLanguage":"de","potentialAction":[{"@type":"CommentAction","name":"Comment","target":["https:\/\/favorite-news.com\/de\/pietro-lombardi-kritisiert-ex-laura-und-rudert-dann-zurueck-mittel-zum-zweck\/#respond"]}]},{"@type":"WebPage","@id":"https:\/\/favorite-news.com\/de\/pietro-lombardi-kritisiert-ex-laura-und-rudert-dann-zurueck-mittel-zum-zweck\/","url":"https:\/\/favorite-news.com\/de\/pietro-lombardi-kritisiert-ex-laura-und-rudert-dann-zurueck-mittel-zum-zweck\/","name":"Pietro Lombardi kritisiert Ex Laura und rudert dann zur\u00fcck - \u201eMittel zum Zweck\u201c - Favorite News","isPartOf":{"@id":"https:\/\/favorite-news.com\/de\/#website"},"datePublished":"2021-03-04T13:58:21+00:00","author":{"@id":"https:\/\/favorite-news.com\/de\/#\/schema\/person\/b66c4cfdd10a5bf16d7d5efda647111f"},"breadcrumb":{"@id":"https:\/\/favorite-news.com\/de\/pietro-lombardi-kritisiert-ex-laura-und-rudert-dann-zurueck-mittel-zum-zweck\/#breadcrumb"},"inLanguage":"de","potentialAction":[{"@type":"ReadAction","target":["https:\/\/favorite-news.com\/de\/pietro-lombardi-kritisiert-ex-laura-und-rudert-dann-zurueck-mittel-zum-zweck\/"]}]},{"@type":"BreadcrumbList","@id":"https:\/\/favorite-news.com\/de\/pietro-lombardi-kritisiert-ex-laura-und-rudert-dann-zurueck-mittel-zum-zweck\/#breadcrumb","itemListElement":[{"@type":"ListItem","position":1,"name":"Home","item":"https:\/\/favorite-news.com\/de\/"},{"@type":"ListItem","position":2,"name":"Pietro Lombardi kritisiert Ex Laura und rudert dann zur\u00fcck &#8211; \u201eMittel zum Zweck\u201c"}]},{"@type":"WebSite","@id":"https:\/\/favorite-news.com\/de\/#website","url":"https:\/\/favorite-news.com\/de\/","name":"Favorite News","description":"Favorite News Germany","potentialAction":[{"@type":"SearchAction","target":{"@type":"EntryPoint","urlTemplate":"https:\/\/favorite-news.com\/de\/?s={search_term_string}"},"query-input":{"@type":"PropertyValueSpecification","valueRequired":true,"valueName":"search_term_string"}}],"inLanguage":"de"},{"@type":"Person","@id":"https:\/\/favorite-news.com\/de\/#\/schema\/person\/b66c4cfdd10a5bf16d7d5efda647111f","name":"favorite-news","image":{"@type":"ImageObject","inLanguage":"de","@id":"https:\/\/secure.gravatar.com\/avatar\/f89959e01423a9ee3c2debbcf830eb021c575de0e1b3781ca3ae392b71c615a1?s=96&d=mm&r=g","url":"https:\/\/secure.gravatar.com\/avatar\/f89959e01423a9ee3c2debbcf830eb021c575de0e1b3781ca3ae392b71c615a1?s=96&d=mm&r=g","contentUrl":"https:\/\/secure.gravatar.com\/avatar\/f89959e01423a9ee3c2debbcf830eb021c575de0e1b3781ca3ae392b71c615a1?s=96&d=mm&r=g","caption":"favorite-news"},"url":"https:\/\/favorite-news.com\/de\/author\/ruby\/"}]}},"_links":{"self":[{"href":"https:\/\/favorite-news.com\/de\/wp-json\/wp\/v2\/posts\/1076","targetHints":{"allow":["GET"]}}],"collection":[{"href":"https:\/\/favorite-news.com\/de\/wp-json\/wp\/v2\/posts"}],"about":[{"href":"https:\/\/favorite-news.com\/de\/wp-json\/wp\/v2\/types\/post"}],"author":[{"embeddable":true,"href":"https:\/\/favorite-news.com\/de\/wp-json\/wp\/v2\/users\/1"}],"replies":[{"embeddable":true,"href":"https:\/\/favorite-news.com\/de\/wp-json\/wp\/v2\/comments?post=1076"}],"version-history":[{"count":0,"href":"https:\/\/favorite-news.com\/de\/wp-json\/wp\/v2\/posts\/1076\/revisions"}],"wp:attachment":[{"href":"https:\/\/favorite-news.com\/de\/wp-json\/wp\/v2\/media?parent=1076"}],"wp:term":[{"taxonomy":"category","embeddable":true,"href":"https:\/\/favorite-news.com\/de\/wp-json\/wp\/v2\/categories?post=1076"},{"taxonomy":"post_tag","embeddable":true,"href":"https:\/\/favorite-news.com\/de\/wp-json\/wp\/v2\/tags?post=1076"}],"curies":[{"name":"wp","href":"https:\/\/api.w.org\/{rel}","templated":true}]}}