{"id":1065,"date":"2021-03-04T02:27:14","date_gmt":"2021-03-04T02:27:14","guid":{"rendered":"https:\/\/favorite-news.com\/de\/kontakte-oeffnungen-und-impfen-in-arztpraxen-das-gilt-ab-montag-in-deutschland\/"},"modified":"2021-03-04T02:27:14","modified_gmt":"2021-03-04T02:27:14","slug":"kontakte-oeffnungen-und-impfen-in-arztpraxen-das-gilt-ab-montag-in-deutschland","status":"publish","type":"post","link":"https:\/\/favorite-news.com\/de\/kontakte-oeffnungen-und-impfen-in-arztpraxen-das-gilt-ab-montag-in-deutschland\/","title":{"rendered":"Kontakte, \u00d6ffnungen und Impfen in Arztpraxen: Das gilt ab Montag in Deutschland"},"content":{"rendered":"<p>[ad_1]<br \/>\n <br \/>\n\t\tDer Lockdown zur Bek\u00e4mpfung der Corona-Pandemie in Deutschland wird angesichts weiter hoher Infektionszahlen grunds\u00e4tzlich bis zum 28. M\u00e4rz verl\u00e4ngert. Allerdings soll es je nach Infektionslage viele \u00d6ffnungsm\u00f6glichkeiten geben. Das haben Kanzlerin Angela Merkel (CDU) und die L\u00e4nder-Ministerpr\u00e4sidenten am Mittwoch in Berlin in stundenlangen Verhandlungen beschlossen. Vereinbart wurde eine stufenweise \u00d6ffnungsstrategie mit eingebauter Notbremse: F\u00fchren einzelne Lockerungen zu einem starken Anstieg der Infektionszahlen in einer Region, werden automatisch alle schon erfolgten Erleichterungen wieder gestrichen.Schon vom kommenden Montag (8. M\u00e4rz) an sollen demnach die stark beschr\u00e4nkten privaten Kontaktm\u00f6glichkeiten gelockert werden. Dann werden wieder private Zusammenk\u00fcnfte des eigenen Haushalts mit einem weiteren Haushalt m\u00f6glich sein, jedoch beschr\u00e4nkt auf maximal f\u00fcnf Personen. In Regionen mit einer Sieben-Tage-Inzidenz von unter 35 neuen Infektionen pro Woche k\u00f6nnen es auch Treffen des eigenen Haushalts mit zwei weiteren Haushalten mit zusammen maximal zehn Personen sein.Kinder bis 14 Jahre sind hiervon jeweils ausgenommen. Bisher darf sich ein Hausstand mit maximal einer Person eines anderen Hausstandes treffen.Lockdown-Lockerungen: Buchhandlungen und Blumengesch\u00e4fte \u00f6ffnen wiederNach den schon vorgenommenen ersten \u00d6ffnungen bei Schulen und Friseuren sollen nun in einem zweiten Schritt Buchhandlungen, Blumengesch\u00e4fte und Gartenm\u00e4rkte mit \u00d6ffnungen folgen. In einzelnen L\u00e4ndern sind diese bereits offen, jetzt sollen sie nach dem Beschluss der Bund-L\u00e4nder-Runde bundesweit einheitlich dem Einzelhandel des t\u00e4glichen Bedarfs zugerechnet werden. Voraussetzung ist, dass Hygienekonzepte und eine Kundenbegrenzung eingehalten werden. Auch Fahr- und Flugschulen k\u00f6nnen den Betrieb unter Auflagen wieder aufnehmen.Eingeschr\u00e4nkte \u00d6ffnungen auch bei Inzidenz von unter 100Weitere eingeschr\u00e4nkte \u00d6ffnungen kann es schon in Regionen geben, in denen lediglich die Sieben-Tage-Inzidenz von 100 Neuinfektionen je 100.000 Einwohner unterschritten wird. Neben Terminshopping-Angeboten im Einzelhandel k\u00f6nnen dann Museen, Galerien, Zoos, botanische G\u00e4rten und Gedenkst\u00e4tten f\u00fcr Besucher mit Terminbuchung \u00f6ffnen. Individualsport wie Tennis wieder m\u00f6glichErlaubt sein soll dann auch Individualsport alleine oder zu zweit sowie Sport in Gruppen von bis zu zehn Kindern bis 14 Jahren im Au\u00dfenbereich. Bei einer stabilen Sieben-Tage-Inzidenz von unter 50 fallen die Auflagen weg oder werden abgeschw\u00e4cht. Dann soll auch kontaktfreier Sport in kleinen Gruppen im Freien wieder m\u00f6glich sein.Die n\u00e4chsten \u00d6ffnungsschritte werden dem Beschluss zufolge davon abh\u00e4ngig gemacht, dass die vorherige Stufe 14 Tage lang nicht zu einer Verschlechterung der Sieben-Tage-Inzidenz gef\u00fchrt hat. Weitere \u00d6ffnungen bei stabiler Inzidenz von weniger als 50 NeuinfektionenIm Beschlusspapier von Bund und L\u00e4ndern hei\u00dft es zur \u00d6ffnung von Au\u00dfengastronomie und Kinos, Theatern, Konzert- und Opernh\u00e4usern: &#8222;Wenn die 7-Tage-Inzidenz 14 Tage lang nach dem Inkrafttreten des dritten \u00d6ffnungsschritts landesweit oder regional stabil bei unter 50 Neuinfektionen bleibt, kann das Land entsprechend landesweit oder regional folgende weitere \u00d6ffnungen vorsehen.&#8220;Dann geht es zun\u00e4chst um die \u00d6ffnung der Au\u00dfengastronomie, von Kinos, Theatern, Konzert- und Opernh\u00e4usern sowie um kontaktfreien Sport im Innenbereich und um Kontaktsport im Au\u00dfenbereich. Im n\u00e4chsten Schritt sind weitere Sportm\u00f6glichkeiten und Freizeitveranstaltungen dran. Auch hier gilt: Bis zu einer 100er Inzidenz soll es h\u00f6here Auflagen wie tagesaktuelle Tests oder einen Buchungszwang geben, die bei einer Sieben-Tage-Inzidenz bis 50 Neuinfektionen wegfallen.Impfungen in Arztpraxen starten sp\u00e4testens Anfang AprilWichtige Elemente f\u00fcr weitere \u00d6ffnungen sollen Impfen und Testen sein. Vereinbart wurde, dass Ende M\u00e4rz\/Anfang April die haus- und fach\u00e4rztlichen Praxen umfassend in die Impfkampagne eingebunden werden, um diese zu beschleunigen. Kostenlose Corona-Schnelltests f\u00fcr alle B\u00fcrger sollen voraussichtlich von n\u00e4chster Woche an m\u00f6glich werden. Der Bund will ab dann die Kosten daf\u00fcr \u00fcbernehmen. Pro Woche soll mindestens ein Schnelltest m\u00f6glich sein, den geschultes Personal etwa in Testzentren oder Praxen abnimmt.Surftipp: Aldi nimmt Schnelltests ins Sortiment: Ab wann Sie die Tests kaufen k\u00f6nnenKostenlose Corona-Schnelltests ab dem 8. M\u00e4rzMit massenhaften Schnell- und Selbsttests wollen Bund und L\u00e4nder zudem die geplanten Lockerungen des Corona-Lockdowns absichern. Die Tests zeigten \u00abmit guter Genauigkeit, ob jemand tagesaktuell ansteckend ist\u00bb, sagte Kanzlerin Angela Merkel. Jeder B\u00fcrger solle sich einmal pro Woche kostenlos testen lassen k\u00f6nnen. &#8222;Dieses Angebot gilt ab dem 8. M\u00e4rz, und die entsprechenden Testzentren werden vor Ort daf\u00fcr zur Verf\u00fcgung gestellt&#8220;, k\u00fcndigte Merkel an. Die Kosten f\u00fcr den Test \u00fcbernimmt der Bund.In Schulen und Kitas sollten auch die einfacher anzuwendenden Selbsttests genutzt werden. Zur Beschaffung dieser Tests werde eine Taskforce gegr\u00fcndet.Hinweis: Dieser Artikel wird laufend aktualisiert.<br \/>\n <br \/>[ad_2]<br \/>\n <br \/><a href=\"https:\/\/www.focus.de\/politik\/deutschland\/bund-laender-gipfel-mehr-kontakte-oeffnungen-und-impfen-in-arztpraxen-die-beschluesse-des-corona-gipfels_id_13044686.html\">\u0421\u0441\u044b\u043b\u043a\u0430 \u043d\u0430 \u0438\u0441\u0442\u043e\u0447\u043d\u0438\u043a <\/a><\/p>\n","protected":false},"excerpt":{"rendered":"<p>[ad_1] Der Lockdown zur Bek\u00e4mpfung der Corona-Pandemie in Deutschland wird angesichts weiter hoher Infektionszahlen grunds\u00e4tzlich bis zum 28. M\u00e4rz verl\u00e4ngert. Allerdings soll es je nach Infektionslage viele \u00d6ffnungsm\u00f6glichkeiten geben. Das haben Kanzlerin Angela Merkel (CDU) und die L\u00e4nder-Ministerpr\u00e4sidenten am Mittwoch in Berlin in stundenlangen Verhandlungen beschlossen. Vereinbart wurde eine stufenweise \u00d6ffnungsstrategie mit eingebauter Notbremse: F\u00fchren [&hellip;]<\/p>\n","protected":false},"author":1,"featured_media":0,"comment_status":"open","ping_status":"open","sticky":false,"template":"","format":"standard","meta":{"footnotes":""},"categories":[1],"tags":[],"class_list":["post-1065","post","type-post","status-publish","format-standard","hentry","category-neuigkeiten"],"yoast_head":"<!-- This site is optimized with the Yoast SEO plugin v27.4 - https:\/\/yoast.com\/product\/yoast-seo-wordpress\/ -->\n<title>Kontakte, \u00d6ffnungen und Impfen in Arztpraxen: Das gilt ab Montag in Deutschland - Favorite News<\/title>\n<meta name=\"robots\" content=\"index, follow, max-snippet:-1, max-image-preview:large, max-video-preview:-1\" \/>\n<link rel=\"canonical\" href=\"https:\/\/favorite-news.com\/de\/kontakte-oeffnungen-und-impfen-in-arztpraxen-das-gilt-ab-montag-in-deutschland\/\" \/>\n<meta property=\"og:locale\" content=\"de_DE\" \/>\n<meta property=\"og:type\" content=\"article\" \/>\n<meta property=\"og:title\" content=\"Kontakte, \u00d6ffnungen und Impfen in Arztpraxen: Das gilt ab Montag in Deutschland - Favorite News\" \/>\n<meta property=\"og:description\" content=\"[ad_1] Der Lockdown zur Bek\u00e4mpfung der Corona-Pandemie in Deutschland wird angesichts weiter hoher Infektionszahlen grunds\u00e4tzlich bis zum 28. M\u00e4rz verl\u00e4ngert. Allerdings soll es je nach Infektionslage viele \u00d6ffnungsm\u00f6glichkeiten geben. Das haben Kanzlerin Angela Merkel (CDU) und die L\u00e4nder-Ministerpr\u00e4sidenten am Mittwoch in Berlin in stundenlangen Verhandlungen beschlossen. Vereinbart wurde eine stufenweise \u00d6ffnungsstrategie mit eingebauter Notbremse: F\u00fchren [&hellip;]\" \/>\n<meta property=\"og:url\" content=\"https:\/\/favorite-news.com\/de\/kontakte-oeffnungen-und-impfen-in-arztpraxen-das-gilt-ab-montag-in-deutschland\/\" \/>\n<meta property=\"og:site_name\" content=\"Favorite News\" \/>\n<meta property=\"article:published_time\" content=\"2021-03-04T02:27:14+00:00\" \/>\n<meta name=\"author\" content=\"favorite-news\" \/>\n<meta name=\"twitter:card\" content=\"summary_large_image\" \/>\n<meta name=\"twitter:label1\" content=\"Verfasst von\" \/>\n\t<meta name=\"twitter:data1\" content=\"favorite-news\" \/>\n\t<meta name=\"twitter:label2\" content=\"Gesch\u00e4tzte Lesezeit\" \/>\n\t<meta name=\"twitter:data2\" content=\"4\u00a0Minuten\" \/>\n<script type=\"application\/ld+json\" class=\"yoast-schema-graph\">{\"@context\":\"https:\\\/\\\/schema.org\",\"@graph\":[{\"@type\":\"Article\",\"@id\":\"https:\\\/\\\/favorite-news.com\\\/de\\\/kontakte-oeffnungen-und-impfen-in-arztpraxen-das-gilt-ab-montag-in-deutschland\\\/#article\",\"isPartOf\":{\"@id\":\"https:\\\/\\\/favorite-news.com\\\/de\\\/kontakte-oeffnungen-und-impfen-in-arztpraxen-das-gilt-ab-montag-in-deutschland\\\/\"},\"author\":{\"name\":\"favorite-news\",\"@id\":\"https:\\\/\\\/favorite-news.com\\\/de\\\/#\\\/schema\\\/person\\\/b66c4cfdd10a5bf16d7d5efda647111f\"},\"headline\":\"Kontakte, \u00d6ffnungen und Impfen in Arztpraxen: Das gilt ab Montag in Deutschland\",\"datePublished\":\"2021-03-04T02:27:14+00:00\",\"mainEntityOfPage\":{\"@id\":\"https:\\\/\\\/favorite-news.com\\\/de\\\/kontakte-oeffnungen-und-impfen-in-arztpraxen-das-gilt-ab-montag-in-deutschland\\\/\"},\"wordCount\":740,\"commentCount\":0,\"articleSection\":[\"NEUIGKEITEN\"],\"inLanguage\":\"de\",\"potentialAction\":[{\"@type\":\"CommentAction\",\"name\":\"Comment\",\"target\":[\"https:\\\/\\\/favorite-news.com\\\/de\\\/kontakte-oeffnungen-und-impfen-in-arztpraxen-das-gilt-ab-montag-in-deutschland\\\/#respond\"]}]},{\"@type\":\"WebPage\",\"@id\":\"https:\\\/\\\/favorite-news.com\\\/de\\\/kontakte-oeffnungen-und-impfen-in-arztpraxen-das-gilt-ab-montag-in-deutschland\\\/\",\"url\":\"https:\\\/\\\/favorite-news.com\\\/de\\\/kontakte-oeffnungen-und-impfen-in-arztpraxen-das-gilt-ab-montag-in-deutschland\\\/\",\"name\":\"Kontakte, \u00d6ffnungen und Impfen in Arztpraxen: Das gilt ab Montag in Deutschland - Favorite News\",\"isPartOf\":{\"@id\":\"https:\\\/\\\/favorite-news.com\\\/de\\\/#website\"},\"datePublished\":\"2021-03-04T02:27:14+00:00\",\"author\":{\"@id\":\"https:\\\/\\\/favorite-news.com\\\/de\\\/#\\\/schema\\\/person\\\/b66c4cfdd10a5bf16d7d5efda647111f\"},\"breadcrumb\":{\"@id\":\"https:\\\/\\\/favorite-news.com\\\/de\\\/kontakte-oeffnungen-und-impfen-in-arztpraxen-das-gilt-ab-montag-in-deutschland\\\/#breadcrumb\"},\"inLanguage\":\"de\",\"potentialAction\":[{\"@type\":\"ReadAction\",\"target\":[\"https:\\\/\\\/favorite-news.com\\\/de\\\/kontakte-oeffnungen-und-impfen-in-arztpraxen-das-gilt-ab-montag-in-deutschland\\\/\"]}]},{\"@type\":\"BreadcrumbList\",\"@id\":\"https:\\\/\\\/favorite-news.com\\\/de\\\/kontakte-oeffnungen-und-impfen-in-arztpraxen-das-gilt-ab-montag-in-deutschland\\\/#breadcrumb\",\"itemListElement\":[{\"@type\":\"ListItem\",\"position\":1,\"name\":\"Home\",\"item\":\"https:\\\/\\\/favorite-news.com\\\/de\\\/\"},{\"@type\":\"ListItem\",\"position\":2,\"name\":\"Kontakte, \u00d6ffnungen und Impfen in Arztpraxen: Das gilt ab Montag in Deutschland\"}]},{\"@type\":\"WebSite\",\"@id\":\"https:\\\/\\\/favorite-news.com\\\/de\\\/#website\",\"url\":\"https:\\\/\\\/favorite-news.com\\\/de\\\/\",\"name\":\"Favorite News\",\"description\":\"Favorite News Germany\",\"potentialAction\":[{\"@type\":\"SearchAction\",\"target\":{\"@type\":\"EntryPoint\",\"urlTemplate\":\"https:\\\/\\\/favorite-news.com\\\/de\\\/?s={search_term_string}\"},\"query-input\":{\"@type\":\"PropertyValueSpecification\",\"valueRequired\":true,\"valueName\":\"search_term_string\"}}],\"inLanguage\":\"de\"},{\"@type\":\"Person\",\"@id\":\"https:\\\/\\\/favorite-news.com\\\/de\\\/#\\\/schema\\\/person\\\/b66c4cfdd10a5bf16d7d5efda647111f\",\"name\":\"favorite-news\",\"image\":{\"@type\":\"ImageObject\",\"inLanguage\":\"de\",\"@id\":\"https:\\\/\\\/secure.gravatar.com\\\/avatar\\\/f89959e01423a9ee3c2debbcf830eb021c575de0e1b3781ca3ae392b71c615a1?s=96&d=mm&r=g\",\"url\":\"https:\\\/\\\/secure.gravatar.com\\\/avatar\\\/f89959e01423a9ee3c2debbcf830eb021c575de0e1b3781ca3ae392b71c615a1?s=96&d=mm&r=g\",\"contentUrl\":\"https:\\\/\\\/secure.gravatar.com\\\/avatar\\\/f89959e01423a9ee3c2debbcf830eb021c575de0e1b3781ca3ae392b71c615a1?s=96&d=mm&r=g\",\"caption\":\"favorite-news\"},\"url\":\"https:\\\/\\\/favorite-news.com\\\/de\\\/author\\\/ruby\\\/\"}]}<\/script>\n<!-- \/ Yoast SEO plugin. -->","yoast_head_json":{"title":"Kontakte, \u00d6ffnungen und Impfen in Arztpraxen: Das gilt ab Montag in Deutschland - Favorite News","robots":{"index":"index","follow":"follow","max-snippet":"max-snippet:-1","max-image-preview":"max-image-preview:large","max-video-preview":"max-video-preview:-1"},"canonical":"https:\/\/favorite-news.com\/de\/kontakte-oeffnungen-und-impfen-in-arztpraxen-das-gilt-ab-montag-in-deutschland\/","og_locale":"de_DE","og_type":"article","og_title":"Kontakte, \u00d6ffnungen und Impfen in Arztpraxen: Das gilt ab Montag in Deutschland - Favorite News","og_description":"[ad_1] Der Lockdown zur Bek\u00e4mpfung der Corona-Pandemie in Deutschland wird angesichts weiter hoher Infektionszahlen grunds\u00e4tzlich bis zum 28. M\u00e4rz verl\u00e4ngert. Allerdings soll es je nach Infektionslage viele \u00d6ffnungsm\u00f6glichkeiten geben. Das haben Kanzlerin Angela Merkel (CDU) und die L\u00e4nder-Ministerpr\u00e4sidenten am Mittwoch in Berlin in stundenlangen Verhandlungen beschlossen. Vereinbart wurde eine stufenweise \u00d6ffnungsstrategie mit eingebauter Notbremse: F\u00fchren [&hellip;]","og_url":"https:\/\/favorite-news.com\/de\/kontakte-oeffnungen-und-impfen-in-arztpraxen-das-gilt-ab-montag-in-deutschland\/","og_site_name":"Favorite News","article_published_time":"2021-03-04T02:27:14+00:00","author":"favorite-news","twitter_card":"summary_large_image","twitter_misc":{"Verfasst von":"favorite-news","Gesch\u00e4tzte Lesezeit":"4\u00a0Minuten"},"schema":{"@context":"https:\/\/schema.org","@graph":[{"@type":"Article","@id":"https:\/\/favorite-news.com\/de\/kontakte-oeffnungen-und-impfen-in-arztpraxen-das-gilt-ab-montag-in-deutschland\/#article","isPartOf":{"@id":"https:\/\/favorite-news.com\/de\/kontakte-oeffnungen-und-impfen-in-arztpraxen-das-gilt-ab-montag-in-deutschland\/"},"author":{"name":"favorite-news","@id":"https:\/\/favorite-news.com\/de\/#\/schema\/person\/b66c4cfdd10a5bf16d7d5efda647111f"},"headline":"Kontakte, \u00d6ffnungen und Impfen in Arztpraxen: Das gilt ab Montag in Deutschland","datePublished":"2021-03-04T02:27:14+00:00","mainEntityOfPage":{"@id":"https:\/\/favorite-news.com\/de\/kontakte-oeffnungen-und-impfen-in-arztpraxen-das-gilt-ab-montag-in-deutschland\/"},"wordCount":740,"commentCount":0,"articleSection":["NEUIGKEITEN"],"inLanguage":"de","potentialAction":[{"@type":"CommentAction","name":"Comment","target":["https:\/\/favorite-news.com\/de\/kontakte-oeffnungen-und-impfen-in-arztpraxen-das-gilt-ab-montag-in-deutschland\/#respond"]}]},{"@type":"WebPage","@id":"https:\/\/favorite-news.com\/de\/kontakte-oeffnungen-und-impfen-in-arztpraxen-das-gilt-ab-montag-in-deutschland\/","url":"https:\/\/favorite-news.com\/de\/kontakte-oeffnungen-und-impfen-in-arztpraxen-das-gilt-ab-montag-in-deutschland\/","name":"Kontakte, \u00d6ffnungen und Impfen in Arztpraxen: Das gilt ab Montag in Deutschland - Favorite News","isPartOf":{"@id":"https:\/\/favorite-news.com\/de\/#website"},"datePublished":"2021-03-04T02:27:14+00:00","author":{"@id":"https:\/\/favorite-news.com\/de\/#\/schema\/person\/b66c4cfdd10a5bf16d7d5efda647111f"},"breadcrumb":{"@id":"https:\/\/favorite-news.com\/de\/kontakte-oeffnungen-und-impfen-in-arztpraxen-das-gilt-ab-montag-in-deutschland\/#breadcrumb"},"inLanguage":"de","potentialAction":[{"@type":"ReadAction","target":["https:\/\/favorite-news.com\/de\/kontakte-oeffnungen-und-impfen-in-arztpraxen-das-gilt-ab-montag-in-deutschland\/"]}]},{"@type":"BreadcrumbList","@id":"https:\/\/favorite-news.com\/de\/kontakte-oeffnungen-und-impfen-in-arztpraxen-das-gilt-ab-montag-in-deutschland\/#breadcrumb","itemListElement":[{"@type":"ListItem","position":1,"name":"Home","item":"https:\/\/favorite-news.com\/de\/"},{"@type":"ListItem","position":2,"name":"Kontakte, \u00d6ffnungen und Impfen in Arztpraxen: Das gilt ab Montag in Deutschland"}]},{"@type":"WebSite","@id":"https:\/\/favorite-news.com\/de\/#website","url":"https:\/\/favorite-news.com\/de\/","name":"Favorite News","description":"Favorite News Germany","potentialAction":[{"@type":"SearchAction","target":{"@type":"EntryPoint","urlTemplate":"https:\/\/favorite-news.com\/de\/?s={search_term_string}"},"query-input":{"@type":"PropertyValueSpecification","valueRequired":true,"valueName":"search_term_string"}}],"inLanguage":"de"},{"@type":"Person","@id":"https:\/\/favorite-news.com\/de\/#\/schema\/person\/b66c4cfdd10a5bf16d7d5efda647111f","name":"favorite-news","image":{"@type":"ImageObject","inLanguage":"de","@id":"https:\/\/secure.gravatar.com\/avatar\/f89959e01423a9ee3c2debbcf830eb021c575de0e1b3781ca3ae392b71c615a1?s=96&d=mm&r=g","url":"https:\/\/secure.gravatar.com\/avatar\/f89959e01423a9ee3c2debbcf830eb021c575de0e1b3781ca3ae392b71c615a1?s=96&d=mm&r=g","contentUrl":"https:\/\/secure.gravatar.com\/avatar\/f89959e01423a9ee3c2debbcf830eb021c575de0e1b3781ca3ae392b71c615a1?s=96&d=mm&r=g","caption":"favorite-news"},"url":"https:\/\/favorite-news.com\/de\/author\/ruby\/"}]}},"_links":{"self":[{"href":"https:\/\/favorite-news.com\/de\/wp-json\/wp\/v2\/posts\/1065","targetHints":{"allow":["GET"]}}],"collection":[{"href":"https:\/\/favorite-news.com\/de\/wp-json\/wp\/v2\/posts"}],"about":[{"href":"https:\/\/favorite-news.com\/de\/wp-json\/wp\/v2\/types\/post"}],"author":[{"embeddable":true,"href":"https:\/\/favorite-news.com\/de\/wp-json\/wp\/v2\/users\/1"}],"replies":[{"embeddable":true,"href":"https:\/\/favorite-news.com\/de\/wp-json\/wp\/v2\/comments?post=1065"}],"version-history":[{"count":0,"href":"https:\/\/favorite-news.com\/de\/wp-json\/wp\/v2\/posts\/1065\/revisions"}],"wp:attachment":[{"href":"https:\/\/favorite-news.com\/de\/wp-json\/wp\/v2\/media?parent=1065"}],"wp:term":[{"taxonomy":"category","embeddable":true,"href":"https:\/\/favorite-news.com\/de\/wp-json\/wp\/v2\/categories?post=1065"},{"taxonomy":"post_tag","embeddable":true,"href":"https:\/\/favorite-news.com\/de\/wp-json\/wp\/v2\/tags?post=1065"}],"curies":[{"name":"wp","href":"https:\/\/api.w.org\/{rel}","templated":true}]}}