{"id":1056,"date":"2021-03-01T03:05:32","date_gmt":"2021-03-01T03:05:32","guid":{"rendered":"https:\/\/favorite-news.com\/de\/olof-palme-der-ungeklaerte-mord-am-schwedischen-regierungschef\/"},"modified":"2021-03-01T03:05:32","modified_gmt":"2021-03-01T03:05:32","slug":"olof-palme-der-ungeklaerte-mord-am-schwedischen-regierungschef","status":"publish","type":"post","link":"https:\/\/favorite-news.com\/de\/olof-palme-der-ungeklaerte-mord-am-schwedischen-regierungschef\/","title":{"rendered":"Olof Palme: Der ungekl\u00e4rte Mord am schwedischen Regierungschef"},"content":{"rendered":"<p>[ad_1]<br \/>\n <\/p>\n<p>                   Schweden r\u00e4tselt seit 35 Jahren: Ungekl\u00e4rter Mord am Regierungschef: Wer erschoss Olof Palme an der Stra\u00dfenecke?<\/p>\n<p>        Die Ermittler haben im Mordfall\u00a0Olof\u00a0Palme\u00a0im vergangenen Jahr einen mutma\u00dflichen T\u00e4ter benannt und die Untersuchungen offiziell f\u00fcr beendet erkl\u00e4rt. Offene Fragen bleiben 35 Jahre nach der Tat dennoch \u2013 und eine offene nationale Wunde ebenfalls.<\/p>\n<p>\t\tEs klang nach Abschluss und irgendwie auch nicht, als Staatsanwalt Krister Petersson den gr\u00f6\u00dften Kriminalfall der schwedischen Geschichte endg\u00fcltig ad acta legen wollte. Ein Verstorbener als mutma\u00dflicher T\u00e4ter, keine Anklage, die Einstellung der Ermittlungen: Das war es, was Petersson der \u00d6ffentlichkeit im Juni 2020 mehr als drei Jahrzehnte nach dem Mord an Schwedens sozialdemokratischem Regierungschef\u00a0Olof\u00a0Palme\u00a0pr\u00e4sentieren konnte.\u201eIch bin der Ansicht, dass wir so weit gekommen sind, wie man es von der Untersuchung verlangen kann\u201c, sagte Petersson auf einer knapp zweist\u00fcndigen Pressekonferenz. Das klang weder nach Erfolg noch nach dem Eingest\u00e4ndnis des Misserfolgs, sondern vielmehr nach der n\u00fcchternen Feststellung einer Tatsache, an der sich nicht mehr r\u00fctteln lasse. F\u00fcr Experten war es vor allem eins: eine Entt\u00e4uschung.Sch\u00fcsse an der Stra\u00dfeneckeAn diesem Sonntag (28. Februar) j\u00e4hrt sich der\u00a0Palme-Mord nun zum 35. Mal. Und trotz der Einstellung der Ermittlungen mit der Benennung eines mutma\u00dflichen T\u00e4ters bleibt der Fall nicht g\u00e4nzlich aufgekl\u00e4rt &#8211; und somit eine offene Wunde in der schwedischen Seele. Die Schweden m\u00fcssen auch 35 Jahre danach mit vielen Fragezeichen rund um den Mord an ihrem damaligen Ministerpr\u00e4sidenten leben.Der\u00a0Palme-Mord geschah am sp\u00e4ten Abend des 28. Februars 1986. Es ist kalt in Stockholm, als\u00a0Olof\u00a0Palme\u00a0mit seiner Frau Lisbet auf dem Heimweg aus dem Kino ist. Das Paar hat sich die schwedische Kom\u00f6die \u201eBr\u00f6derna Mozart\u201c (Die Br\u00fcder Mozart) angeschaut und spaziert ohne Leibw\u00e4chter in der Innenstadt nach Hause. Um 23.21 Uhr fallen an der Ecke Sveav\u00e4gen\/Tunnelgatan zwei Sch\u00fcsse, einer streckt\u00a0Palme\u00a0von hinten nieder, einer streift seine Frau.\u00a0Olof\u00a0Palme\u00a0wird sp\u00e4ter im Krankenhaus f\u00fcr tot erkl\u00e4rt, Lisbet\u00a0Palme\u00a0\u00fcberlebt leicht verletzt.<\/p>\n<p>\t\t\t\t\t134 Menschen geben den Mord zuObwohl gerade der oberste Politiker des Landes ermordet worden ist, kommen die Ermittlungen nur schleppend in Gang &#8211; das wird bis heute massiv kritisiert in Schweden. Nach dem m\u00fchseligen Start entwickeln sich daraus schlie\u00dflich die mit Abstand umfassendsten Ermittlungen der schwedischen Kriminalgeschichte: Mehr als 22.000 Spuren und Hinweise gehen im Laufe der Jahre bei den immer wieder wechselnden Ermittlern ein, knapp 10.000 Personen werden vernommen. Es klingt unglaublich: 134 Menschen geben an,\u00a0Palme\u00a0ermordet zu haben.Ins Visier der Ermittler geraten v\u00f6llig unterschiedliche Verd\u00e4chtige, die von Einzelpersonen \u00fcber den s\u00fcdafrikanischen Geheimdienst bis zur kurdischen Arbeiterpartei PKK reichen, die von Palmes Regierung als Terrororganisation eingestuft worden ist. Insgesamt verschlingen die Ermittlungen Sch\u00e4tzungen zufolge umgerechnet fast 60 Millionen Euro.Die Bedeutung des Falls f\u00fcr das Selbstverst\u00e4ndnis der an Frieden und Friedlichkeit gew\u00f6hnten Schweden k\u00f6nnte gr\u00f6\u00dfer nicht sein.\u00a0Olof\u00a0Palme\u00a0war mehr als zehn Jahre lang ihr Regierungschef, erst von 1969 bis 1976, dann von 1982 bis zur Mordnacht. F\u00fcr Sozialdemokraten galt er als international gesch\u00e4tzte Ikone, er war enger Verb\u00fcndeter von Ex-Bundeskanzler Willy Brandt. Seine Ermordung auf offener Stra\u00dfe kam f\u00fcr viele dem Mord am US-Pr\u00e4sidenten John F. Kennedy 1963 in Dallas (Texas) gleich.\u201eWir kommen um eine Person als T\u00e4ter nicht herum\u201cSeit 2017 war Staatsanwalt Petersson damit betraut, nach der langen Zeit doch noch so etwas wie Licht ins Dunkel der\u00a0Palme-Untersuchung zu bringen. Seine Ank\u00fcndigung im Februar 2020 schlug entsprechend hohe Wellen. \u201eIch bin zuversichtlich, pr\u00e4sentieren zu k\u00f6nnen, was um den Mord herum passiert ist und wer daf\u00fcr verantwortlich ist\u201c, sagte er im schwedischen Fernsehen.Was dann am 10. Juni folgt, ist Ern\u00fcchterung. Statt des vermuteten Fundes der Mordwaffe oder eines anderen Ermittlungsdurchbruches verk\u00fcnden die Ermittler, dass\u00a0Palme\u00a0mutma\u00dflich von einem Mann namens Stig Engstr\u00f6m erschossen worden sei. \u201eWir kommen um eine Person als T\u00e4ter nicht herum. Und diese Person ist Stig Engstr\u00f6m\u201c, sagt Petersson.Das letzte Geheimnis um den \u201eSkandia-Mann\u201cWie eine 2021 ver\u00f6ffentlichte TV-Doku zeigt, hatte sich Engstr\u00f6m nach der Mordnacht bei Polizei und Medien als wichtiger Zeuge dargestellt. Laut Fahndungsleiter Hans Melander passen der nach seinem Arbeitgeber h\u00e4ufiger als \u201eSkandia-Mann\u201c bezeichnete Engstr\u00f6m und seine Aussagen aber nicht in das \u00fcbrige Bild hinein, das die Zeugen vom Tatabend zeichnen. Engstr\u00f6ms Kleidung stimmt vielmehr mit der \u00fcberein, die der T\u00e4ter nach Zeugenaussagen trug. Nach Ermittlerangaben hat er sich in Kreisen von\u00a0Palme-Kritikern bewegt, sich mit Waffen ausgekannt und neben wirtschaftlichen auch ein Alkoholproblem gehabt.<\/p>\n<p>\t\t\t\t\tDas gro\u00dfe Problem ist jedoch ein anderes: Engstr\u00f6m ist tot, seit 20 Jahren bereits. \u201eWeil Stig Engstr\u00f6m verstorben ist, kann ich keine Anklage gegen ihn erheben oder ihn verh\u00f6ren, sondern habe mich entschlossen, die Voruntersuchung einzustellen\u201c, verk\u00fcndet Petersson.\u00a0Palme-Sohn M\u00e5rten \u00e4u\u00dfert Verst\u00e4ndnis. \u201eIch glaube auch, dass Engstr\u00f6m der Schuldige ist\u201c, sagt er. \u201eAber leider gibt es keinen richtig abschlie\u00dfenden Beweis, damit man mit hundertprozentiger Sicherheit sagen kann, dass er es gewesen ist.\u201c\u201eEr lebt, fast wie nie zuvor\u201cDass die Akte\u00a0Palme\u00a0trotzdem geschlossen wird, haben Experten seitdem scharf kritisiert. Der Kriminologe und Krimi-Autor Leif G.W. Persson sprach von \u201eeiner gro\u00dfen Entt\u00e4uschung\u201c, und der\u00a0Palme-Experte Thomas Ladegaard glaubt bis heute nicht, dass die Sache damit abgeschlossen ist. Petersson habe weder technische Beweise oder neue Zeugenaussagen noch einen glaubw\u00fcrdigen Handlungsverlauf oder ein Motiv vorgelegt. N\u00fcchtern betrachtet habe er nur festgestellt, dass man nach 34 Jahren und den v\u00f6llig gescheiterten Ermittlungen nicht mehr weiterkomme.\u201eAber wenn die schwedische Polizei gehofft hat, dass der Fall damit abgeschlossen werden k\u00f6nnte, dann ist das Gegenteil passiert. Er lebt, fast wie nie zuvor\u201c, sagt der D\u00e4ne Ladegaard, der 2016 ein Buch \u00fcber die Tat ver\u00f6ffentlicht hat. Es sei mittlerweile m\u00f6glich, Akteneinsicht in dem Fall zu fordern &#8211; und man k\u00f6nne nur hoffen, dass dies zu etwas Neuem f\u00fchren k\u00f6nne. \u201eDie fehlgeschlagene Untersuchung des Mordes an\u00a0Olof\u00a0Palme\u00a0ist jetzt ein gr\u00f6\u00dferes Trauma als der Mord selbst.\u201c<br \/>\n\t\t\t\t\tInternationales Ranking: Deutschland in Umgang mit Corona-Pandemie nur Mittelma\u00df<\/p>\n<p>\t\t                            flr\/dpa<\/p>\n<p>[ad_2]<br \/>\n <br \/><a href=\"https:\/\/www.focus.de\/wissen\/mensch\/geschichte\/schweden-raetselt-seit-35-jahren-der-ungeklaerte-mord-am-regierungschef-wer-erschoss-olof-palme-an-der-strassenecke_id_13030496.html\">\u0421\u0441\u044b\u043b\u043a\u0430 \u043d\u0430 \u0438\u0441\u0442\u043e\u0447\u043d\u0438\u043a <\/a><\/p>\n","protected":false},"excerpt":{"rendered":"<p>[ad_1] Schweden r\u00e4tselt seit 35 Jahren: Ungekl\u00e4rter Mord am Regierungschef: Wer erschoss Olof Palme an der Stra\u00dfenecke? Die Ermittler haben im Mordfall\u00a0Olof\u00a0Palme\u00a0im vergangenen Jahr einen mutma\u00dflichen T\u00e4ter benannt und die Untersuchungen offiziell f\u00fcr beendet erkl\u00e4rt. Offene Fragen bleiben 35 Jahre nach der Tat dennoch \u2013 und eine offene nationale Wunde ebenfalls. Es klang nach Abschluss [&hellip;]<\/p>\n","protected":false},"author":1,"featured_media":0,"comment_status":"open","ping_status":"open","sticky":false,"template":"","format":"standard","meta":{"footnotes":""},"categories":[1],"tags":[],"class_list":["post-1056","post","type-post","status-publish","format-standard","hentry","category-neuigkeiten"],"yoast_head":"<!-- This site is optimized with the Yoast SEO plugin v27.4 - https:\/\/yoast.com\/product\/yoast-seo-wordpress\/ -->\n<title>Olof Palme: Der ungekl\u00e4rte Mord am schwedischen Regierungschef - Favorite News<\/title>\n<meta name=\"robots\" content=\"index, follow, max-snippet:-1, max-image-preview:large, max-video-preview:-1\" \/>\n<link rel=\"canonical\" href=\"https:\/\/favorite-news.com\/de\/olof-palme-der-ungeklaerte-mord-am-schwedischen-regierungschef\/\" \/>\n<meta property=\"og:locale\" content=\"de_DE\" \/>\n<meta property=\"og:type\" content=\"article\" \/>\n<meta property=\"og:title\" content=\"Olof Palme: Der ungekl\u00e4rte Mord am schwedischen Regierungschef - Favorite News\" \/>\n<meta property=\"og:description\" content=\"[ad_1] Schweden r\u00e4tselt seit 35 Jahren: Ungekl\u00e4rter Mord am Regierungschef: Wer erschoss Olof Palme an der Stra\u00dfenecke? Die Ermittler haben im Mordfall\u00a0Olof\u00a0Palme\u00a0im vergangenen Jahr einen mutma\u00dflichen T\u00e4ter benannt und die Untersuchungen offiziell f\u00fcr beendet erkl\u00e4rt. Offene Fragen bleiben 35 Jahre nach der Tat dennoch \u2013 und eine offene nationale Wunde ebenfalls. Es klang nach Abschluss [&hellip;]\" \/>\n<meta property=\"og:url\" content=\"https:\/\/favorite-news.com\/de\/olof-palme-der-ungeklaerte-mord-am-schwedischen-regierungschef\/\" \/>\n<meta property=\"og:site_name\" content=\"Favorite News\" \/>\n<meta property=\"article:published_time\" content=\"2021-03-01T03:05:32+00:00\" \/>\n<meta name=\"author\" content=\"favorite-news\" \/>\n<meta name=\"twitter:card\" content=\"summary_large_image\" \/>\n<meta name=\"twitter:label1\" content=\"Verfasst von\" \/>\n\t<meta name=\"twitter:data1\" content=\"favorite-news\" \/>\n\t<meta name=\"twitter:label2\" content=\"Gesch\u00e4tzte Lesezeit\" \/>\n\t<meta name=\"twitter:data2\" content=\"5\u00a0Minuten\" \/>\n<script type=\"application\/ld+json\" class=\"yoast-schema-graph\">{\"@context\":\"https:\\\/\\\/schema.org\",\"@graph\":[{\"@type\":\"Article\",\"@id\":\"https:\\\/\\\/favorite-news.com\\\/de\\\/olof-palme-der-ungeklaerte-mord-am-schwedischen-regierungschef\\\/#article\",\"isPartOf\":{\"@id\":\"https:\\\/\\\/favorite-news.com\\\/de\\\/olof-palme-der-ungeklaerte-mord-am-schwedischen-regierungschef\\\/\"},\"author\":{\"name\":\"favorite-news\",\"@id\":\"https:\\\/\\\/favorite-news.com\\\/de\\\/#\\\/schema\\\/person\\\/b66c4cfdd10a5bf16d7d5efda647111f\"},\"headline\":\"Olof Palme: Der ungekl\u00e4rte Mord am schwedischen Regierungschef\",\"datePublished\":\"2021-03-01T03:05:32+00:00\",\"mainEntityOfPage\":{\"@id\":\"https:\\\/\\\/favorite-news.com\\\/de\\\/olof-palme-der-ungeklaerte-mord-am-schwedischen-regierungschef\\\/\"},\"wordCount\":1046,\"commentCount\":0,\"articleSection\":[\"NEUIGKEITEN\"],\"inLanguage\":\"de\",\"potentialAction\":[{\"@type\":\"CommentAction\",\"name\":\"Comment\",\"target\":[\"https:\\\/\\\/favorite-news.com\\\/de\\\/olof-palme-der-ungeklaerte-mord-am-schwedischen-regierungschef\\\/#respond\"]}]},{\"@type\":\"WebPage\",\"@id\":\"https:\\\/\\\/favorite-news.com\\\/de\\\/olof-palme-der-ungeklaerte-mord-am-schwedischen-regierungschef\\\/\",\"url\":\"https:\\\/\\\/favorite-news.com\\\/de\\\/olof-palme-der-ungeklaerte-mord-am-schwedischen-regierungschef\\\/\",\"name\":\"Olof Palme: Der ungekl\u00e4rte Mord am schwedischen Regierungschef - Favorite News\",\"isPartOf\":{\"@id\":\"https:\\\/\\\/favorite-news.com\\\/de\\\/#website\"},\"datePublished\":\"2021-03-01T03:05:32+00:00\",\"author\":{\"@id\":\"https:\\\/\\\/favorite-news.com\\\/de\\\/#\\\/schema\\\/person\\\/b66c4cfdd10a5bf16d7d5efda647111f\"},\"breadcrumb\":{\"@id\":\"https:\\\/\\\/favorite-news.com\\\/de\\\/olof-palme-der-ungeklaerte-mord-am-schwedischen-regierungschef\\\/#breadcrumb\"},\"inLanguage\":\"de\",\"potentialAction\":[{\"@type\":\"ReadAction\",\"target\":[\"https:\\\/\\\/favorite-news.com\\\/de\\\/olof-palme-der-ungeklaerte-mord-am-schwedischen-regierungschef\\\/\"]}]},{\"@type\":\"BreadcrumbList\",\"@id\":\"https:\\\/\\\/favorite-news.com\\\/de\\\/olof-palme-der-ungeklaerte-mord-am-schwedischen-regierungschef\\\/#breadcrumb\",\"itemListElement\":[{\"@type\":\"ListItem\",\"position\":1,\"name\":\"Home\",\"item\":\"https:\\\/\\\/favorite-news.com\\\/de\\\/\"},{\"@type\":\"ListItem\",\"position\":2,\"name\":\"Olof Palme: Der ungekl\u00e4rte Mord am schwedischen Regierungschef\"}]},{\"@type\":\"WebSite\",\"@id\":\"https:\\\/\\\/favorite-news.com\\\/de\\\/#website\",\"url\":\"https:\\\/\\\/favorite-news.com\\\/de\\\/\",\"name\":\"Favorite News\",\"description\":\"Favorite News Germany\",\"potentialAction\":[{\"@type\":\"SearchAction\",\"target\":{\"@type\":\"EntryPoint\",\"urlTemplate\":\"https:\\\/\\\/favorite-news.com\\\/de\\\/?s={search_term_string}\"},\"query-input\":{\"@type\":\"PropertyValueSpecification\",\"valueRequired\":true,\"valueName\":\"search_term_string\"}}],\"inLanguage\":\"de\"},{\"@type\":\"Person\",\"@id\":\"https:\\\/\\\/favorite-news.com\\\/de\\\/#\\\/schema\\\/person\\\/b66c4cfdd10a5bf16d7d5efda647111f\",\"name\":\"favorite-news\",\"image\":{\"@type\":\"ImageObject\",\"inLanguage\":\"de\",\"@id\":\"https:\\\/\\\/secure.gravatar.com\\\/avatar\\\/f89959e01423a9ee3c2debbcf830eb021c575de0e1b3781ca3ae392b71c615a1?s=96&d=mm&r=g\",\"url\":\"https:\\\/\\\/secure.gravatar.com\\\/avatar\\\/f89959e01423a9ee3c2debbcf830eb021c575de0e1b3781ca3ae392b71c615a1?s=96&d=mm&r=g\",\"contentUrl\":\"https:\\\/\\\/secure.gravatar.com\\\/avatar\\\/f89959e01423a9ee3c2debbcf830eb021c575de0e1b3781ca3ae392b71c615a1?s=96&d=mm&r=g\",\"caption\":\"favorite-news\"},\"url\":\"https:\\\/\\\/favorite-news.com\\\/de\\\/author\\\/ruby\\\/\"}]}<\/script>\n<!-- \/ Yoast SEO plugin. -->","yoast_head_json":{"title":"Olof Palme: Der ungekl\u00e4rte Mord am schwedischen Regierungschef - Favorite News","robots":{"index":"index","follow":"follow","max-snippet":"max-snippet:-1","max-image-preview":"max-image-preview:large","max-video-preview":"max-video-preview:-1"},"canonical":"https:\/\/favorite-news.com\/de\/olof-palme-der-ungeklaerte-mord-am-schwedischen-regierungschef\/","og_locale":"de_DE","og_type":"article","og_title":"Olof Palme: Der ungekl\u00e4rte Mord am schwedischen Regierungschef - Favorite News","og_description":"[ad_1] Schweden r\u00e4tselt seit 35 Jahren: Ungekl\u00e4rter Mord am Regierungschef: Wer erschoss Olof Palme an der Stra\u00dfenecke? Die Ermittler haben im Mordfall\u00a0Olof\u00a0Palme\u00a0im vergangenen Jahr einen mutma\u00dflichen T\u00e4ter benannt und die Untersuchungen offiziell f\u00fcr beendet erkl\u00e4rt. Offene Fragen bleiben 35 Jahre nach der Tat dennoch \u2013 und eine offene nationale Wunde ebenfalls. Es klang nach Abschluss [&hellip;]","og_url":"https:\/\/favorite-news.com\/de\/olof-palme-der-ungeklaerte-mord-am-schwedischen-regierungschef\/","og_site_name":"Favorite News","article_published_time":"2021-03-01T03:05:32+00:00","author":"favorite-news","twitter_card":"summary_large_image","twitter_misc":{"Verfasst von":"favorite-news","Gesch\u00e4tzte Lesezeit":"5\u00a0Minuten"},"schema":{"@context":"https:\/\/schema.org","@graph":[{"@type":"Article","@id":"https:\/\/favorite-news.com\/de\/olof-palme-der-ungeklaerte-mord-am-schwedischen-regierungschef\/#article","isPartOf":{"@id":"https:\/\/favorite-news.com\/de\/olof-palme-der-ungeklaerte-mord-am-schwedischen-regierungschef\/"},"author":{"name":"favorite-news","@id":"https:\/\/favorite-news.com\/de\/#\/schema\/person\/b66c4cfdd10a5bf16d7d5efda647111f"},"headline":"Olof Palme: Der ungekl\u00e4rte Mord am schwedischen Regierungschef","datePublished":"2021-03-01T03:05:32+00:00","mainEntityOfPage":{"@id":"https:\/\/favorite-news.com\/de\/olof-palme-der-ungeklaerte-mord-am-schwedischen-regierungschef\/"},"wordCount":1046,"commentCount":0,"articleSection":["NEUIGKEITEN"],"inLanguage":"de","potentialAction":[{"@type":"CommentAction","name":"Comment","target":["https:\/\/favorite-news.com\/de\/olof-palme-der-ungeklaerte-mord-am-schwedischen-regierungschef\/#respond"]}]},{"@type":"WebPage","@id":"https:\/\/favorite-news.com\/de\/olof-palme-der-ungeklaerte-mord-am-schwedischen-regierungschef\/","url":"https:\/\/favorite-news.com\/de\/olof-palme-der-ungeklaerte-mord-am-schwedischen-regierungschef\/","name":"Olof Palme: Der ungekl\u00e4rte Mord am schwedischen Regierungschef - Favorite News","isPartOf":{"@id":"https:\/\/favorite-news.com\/de\/#website"},"datePublished":"2021-03-01T03:05:32+00:00","author":{"@id":"https:\/\/favorite-news.com\/de\/#\/schema\/person\/b66c4cfdd10a5bf16d7d5efda647111f"},"breadcrumb":{"@id":"https:\/\/favorite-news.com\/de\/olof-palme-der-ungeklaerte-mord-am-schwedischen-regierungschef\/#breadcrumb"},"inLanguage":"de","potentialAction":[{"@type":"ReadAction","target":["https:\/\/favorite-news.com\/de\/olof-palme-der-ungeklaerte-mord-am-schwedischen-regierungschef\/"]}]},{"@type":"BreadcrumbList","@id":"https:\/\/favorite-news.com\/de\/olof-palme-der-ungeklaerte-mord-am-schwedischen-regierungschef\/#breadcrumb","itemListElement":[{"@type":"ListItem","position":1,"name":"Home","item":"https:\/\/favorite-news.com\/de\/"},{"@type":"ListItem","position":2,"name":"Olof Palme: Der ungekl\u00e4rte Mord am schwedischen Regierungschef"}]},{"@type":"WebSite","@id":"https:\/\/favorite-news.com\/de\/#website","url":"https:\/\/favorite-news.com\/de\/","name":"Favorite News","description":"Favorite News Germany","potentialAction":[{"@type":"SearchAction","target":{"@type":"EntryPoint","urlTemplate":"https:\/\/favorite-news.com\/de\/?s={search_term_string}"},"query-input":{"@type":"PropertyValueSpecification","valueRequired":true,"valueName":"search_term_string"}}],"inLanguage":"de"},{"@type":"Person","@id":"https:\/\/favorite-news.com\/de\/#\/schema\/person\/b66c4cfdd10a5bf16d7d5efda647111f","name":"favorite-news","image":{"@type":"ImageObject","inLanguage":"de","@id":"https:\/\/secure.gravatar.com\/avatar\/f89959e01423a9ee3c2debbcf830eb021c575de0e1b3781ca3ae392b71c615a1?s=96&d=mm&r=g","url":"https:\/\/secure.gravatar.com\/avatar\/f89959e01423a9ee3c2debbcf830eb021c575de0e1b3781ca3ae392b71c615a1?s=96&d=mm&r=g","contentUrl":"https:\/\/secure.gravatar.com\/avatar\/f89959e01423a9ee3c2debbcf830eb021c575de0e1b3781ca3ae392b71c615a1?s=96&d=mm&r=g","caption":"favorite-news"},"url":"https:\/\/favorite-news.com\/de\/author\/ruby\/"}]}},"_links":{"self":[{"href":"https:\/\/favorite-news.com\/de\/wp-json\/wp\/v2\/posts\/1056","targetHints":{"allow":["GET"]}}],"collection":[{"href":"https:\/\/favorite-news.com\/de\/wp-json\/wp\/v2\/posts"}],"about":[{"href":"https:\/\/favorite-news.com\/de\/wp-json\/wp\/v2\/types\/post"}],"author":[{"embeddable":true,"href":"https:\/\/favorite-news.com\/de\/wp-json\/wp\/v2\/users\/1"}],"replies":[{"embeddable":true,"href":"https:\/\/favorite-news.com\/de\/wp-json\/wp\/v2\/comments?post=1056"}],"version-history":[{"count":0,"href":"https:\/\/favorite-news.com\/de\/wp-json\/wp\/v2\/posts\/1056\/revisions"}],"wp:attachment":[{"href":"https:\/\/favorite-news.com\/de\/wp-json\/wp\/v2\/media?parent=1056"}],"wp:term":[{"taxonomy":"category","embeddable":true,"href":"https:\/\/favorite-news.com\/de\/wp-json\/wp\/v2\/categories?post=1056"},{"taxonomy":"post_tag","embeddable":true,"href":"https:\/\/favorite-news.com\/de\/wp-json\/wp\/v2\/tags?post=1056"}],"curies":[{"name":"wp","href":"https:\/\/api.w.org\/{rel}","templated":true}]}}