{"id":1048,"date":"2021-02-27T02:59:15","date_gmt":"2021-02-27T02:59:15","guid":{"rendered":"https:\/\/favorite-news.com\/de\/sanitaeter-klagt-attila-hildmann-an-hat-mich-fuer-anti-impf-propaganda-benutzt\/"},"modified":"2021-02-27T02:59:15","modified_gmt":"2021-02-27T02:59:15","slug":"sanitaeter-klagt-attila-hildmann-an-hat-mich-fuer-anti-impf-propaganda-benutzt","status":"publish","type":"post","link":"https:\/\/favorite-news.com\/de\/sanitaeter-klagt-attila-hildmann-an-hat-mich-fuer-anti-impf-propaganda-benutzt\/","title":{"rendered":"Sanit\u00e4ter klagt Attila Hildmann an: Hat mich &#8222;f\u00fcr Anti-Impf-Propaganda benutzt&#8220;"},"content":{"rendered":"<p>[ad_1]<br \/>\n <br \/>\n\t\t&#8222;Ich war extrem ersch\u00fcttert&#8220;: So beschreibt der Notfallsanit\u00e4ter Timo Sievert den Moment, als er ein YouTube-Video von sich auf dem Kanal von Attila Hildmann entdeckte. &#8222;Meinungsfreiheit und Meinungsvielfalt ist eines der h\u00f6chsten G\u00fcter, die wir in unserer Gesellschaft haben. Attila Hildmann aber hat mein Video f\u00fcr seine Anti-Impf-Propaganda benutzt&#8220;, sagt er in einem aktuellen Interview mit der &#8222;Welt&#8220;.Was war passiert? Sievert wurde als einer der ersten Hamburger mit dem Vakzin des britisch-schwedischen Konzerns Astrazeneca gegen Corona geimpft. &#8222;Weil ich hauptberuflich im Rettungsdienst t\u00e4tig bin, geh\u00f6re ich zur Priorit\u00e4tsgruppe eins&#8220;, erkl\u00e4rt er gegen\u00fcber der &#8222;Welt&#8220;. Bald nachdem er die Anti-Covid-Spritze bekommen habe, h\u00e4tte er jedoch mit Nebenwirkungen zu k\u00e4mpfen gehabt. Damit meint er: Hohes Fieber und ein Taubheitsgef\u00fchl in der gesamten rechten K\u00f6rperh\u00e4lfte.Surftipp: Alle Neuigkeiten zur Corona-Pandemie finden Sie im News-Ticker von FOCUS Online\u00a0Trotz schwerer Nebenwirkungen ist Sievert f\u00fcr die Corona-ImpfungWie sehr sich die Corona-Impfung auf seine k\u00f6rperliche Gesundheit auswirkte, beschreibt Sievert noch genauer. &#8222;Im ersten Moment dachte ich an einen Schlaganfall. Ich konnte mir nicht mal meine Schn\u00fcrsenkel binden oder meine Kaffeetasse in der rechten Hand halten&#8220;, sagt er im Gespr\u00e4ch mit der &#8222;Welt&#8220;. Doch nicht nur dem Blatt schilderte er seine Erfahrungen mit Astrazeneca, auch auf YouTube teilte er Aufnahmen, in denen der Rettungssanit\u00e4ter \u00fcber seine Immunisierung sprach.&#8220;Nachdem ich in einem Video auf YouTube geschildert habe, wie es mir geht, habe ich viele Zuschriften bekommen&#8220;, sagt Sievert. Andere mit Astrazeneca geimpfte Sanit\u00e4ter h\u00e4tten von \u00e4hnlichen Symptomen berichtet. Sievert beschreibt das einerseits als &#8222;alarmierend&#8220;. &#8222;Andererseits gilt: Aus medizinischer Sicht ist das eigentlich ein gutes Zeichen. Der Impfstoff bewirkt genau, was er soll. Der Lernprozess des Immunsystems setzt ein. Deswegen l\u00e4sst man sich ja impfen&#8220;, erkl\u00e4rt er der &#8222;Welt&#8220;. So spricht sich der Notfallsanit\u00e4ter auch weiterhin f\u00fcr eine Corona-Impfung aus &#8211; trotz der Nebenwirkungen, gegen die er ank\u00e4mpfen musste.Sievert will nicht das &#8222;Werbegesicht f\u00fcr Verschw\u00f6rungstheoretiker&#8220; seinUmso mehr \u00e4rgert es ihn, dass der Verschw\u00f6rungstheoretiker Attila Hildmann einen seiner Clips teilte und bearbeitete. Er habe &#8222;Teile aus meinem Video herausgeschnitten und sie mit Aufnahmen von weiteren Menschen, die von ihren Nebenwirkungen berichten, zu einem rei\u00dferischen Video verarbeitet&#8220;, erkl\u00e4rt Sievert. Der Notfallsanit\u00e4ter wolle nicht &#8222;das Werbegesicht f\u00fcr Verschw\u00f6rungstheoretiker&#8220; sein.Auch st\u00f6rt er sich an Unwahrheiten, die in den von Hildmann erstellten Videos verbreitet werden. Zum Beispiel, dass Sievert einen Impfschaden h\u00e4tte und jetzt halbseitig gel\u00e4hmt w\u00e4re.&#8220;Es waren Impfnebenwirkungen und die L\u00e4hmungserscheinung ist weg&#8220;, stellt er klar. Inzwischen w\u00fcrden Hildmanns Anh\u00e4nger behaupten, der Sanit\u00e4ter sei nie geimpft worden und werde von der Regierung f\u00fcr Propaganda bezahlt. &#8222;Vor einer Woche war ich noch der Beleg, wie schlimm das Impfen doch sei, und nun soll ich nie geimpft worden sein? Das ist so ein Irrsinn&#8220;, sagt Sievert. Er wolle in seinen Videos sachlich \u00fcber das Thema Corona-Impfung aufkl\u00e4ren. &#8222;Ob Leute nach den Videos sagen, dass sie sich impfen lassen oder nicht, darauf habe ich keinen Einfluss. Das will ich auch nicht&#8220;, meint er.<br \/>\n <br \/>[ad_2]<br \/>\n <br \/><a href=\"https:\/\/www.focus.de\/gesundheit\/news\/hatte-schwere-nebenwirkungen-sanitaeter-klagt-attila-hildmann-an-hat-mich-fuer-anti-impf-propaganda-benutzt_id_13027175.html\">\u0421\u0441\u044b\u043b\u043a\u0430 \u043d\u0430 \u0438\u0441\u0442\u043e\u0447\u043d\u0438\u043a <\/a><\/p>\n","protected":false},"excerpt":{"rendered":"<p>[ad_1] &#8222;Ich war extrem ersch\u00fcttert&#8220;: So beschreibt der Notfallsanit\u00e4ter Timo Sievert den Moment, als er ein YouTube-Video von sich auf dem Kanal von Attila Hildmann entdeckte. &#8222;Meinungsfreiheit und Meinungsvielfalt ist eines der h\u00f6chsten G\u00fcter, die wir in unserer Gesellschaft haben. Attila Hildmann aber hat mein Video f\u00fcr seine Anti-Impf-Propaganda benutzt&#8220;, sagt er in einem aktuellen [&hellip;]<\/p>\n","protected":false},"author":1,"featured_media":0,"comment_status":"open","ping_status":"open","sticky":false,"template":"","format":"standard","meta":{"footnotes":""},"categories":[1],"tags":[],"class_list":["post-1048","post","type-post","status-publish","format-standard","hentry","category-neuigkeiten"],"yoast_head":"<!-- This site is optimized with the Yoast SEO plugin v27.4 - https:\/\/yoast.com\/product\/yoast-seo-wordpress\/ -->\n<title>Sanit\u00e4ter klagt Attila Hildmann an: Hat mich &quot;f\u00fcr Anti-Impf-Propaganda benutzt&quot; - Favorite News<\/title>\n<meta name=\"robots\" content=\"index, follow, max-snippet:-1, max-image-preview:large, max-video-preview:-1\" \/>\n<link rel=\"canonical\" href=\"https:\/\/favorite-news.com\/de\/sanitaeter-klagt-attila-hildmann-an-hat-mich-fuer-anti-impf-propaganda-benutzt\/\" \/>\n<meta property=\"og:locale\" content=\"de_DE\" \/>\n<meta property=\"og:type\" content=\"article\" \/>\n<meta property=\"og:title\" content=\"Sanit\u00e4ter klagt Attila Hildmann an: Hat mich &quot;f\u00fcr Anti-Impf-Propaganda benutzt&quot; - Favorite News\" \/>\n<meta property=\"og:description\" content=\"[ad_1] &#8222;Ich war extrem ersch\u00fcttert&#8220;: So beschreibt der Notfallsanit\u00e4ter Timo Sievert den Moment, als er ein YouTube-Video von sich auf dem Kanal von Attila Hildmann entdeckte. &#8222;Meinungsfreiheit und Meinungsvielfalt ist eines der h\u00f6chsten G\u00fcter, die wir in unserer Gesellschaft haben. Attila Hildmann aber hat mein Video f\u00fcr seine Anti-Impf-Propaganda benutzt&#8220;, sagt er in einem aktuellen [&hellip;]\" \/>\n<meta property=\"og:url\" content=\"https:\/\/favorite-news.com\/de\/sanitaeter-klagt-attila-hildmann-an-hat-mich-fuer-anti-impf-propaganda-benutzt\/\" \/>\n<meta property=\"og:site_name\" content=\"Favorite News\" \/>\n<meta property=\"article:published_time\" content=\"2021-02-27T02:59:15+00:00\" \/>\n<meta name=\"author\" content=\"favorite-news\" \/>\n<meta name=\"twitter:card\" content=\"summary_large_image\" \/>\n<meta name=\"twitter:label1\" content=\"Verfasst von\" \/>\n\t<meta name=\"twitter:data1\" content=\"favorite-news\" \/>\n\t<meta name=\"twitter:label2\" content=\"Gesch\u00e4tzte Lesezeit\" \/>\n\t<meta name=\"twitter:data2\" content=\"3\u00a0Minuten\" \/>\n<script type=\"application\/ld+json\" class=\"yoast-schema-graph\">{\"@context\":\"https:\\\/\\\/schema.org\",\"@graph\":[{\"@type\":\"Article\",\"@id\":\"https:\\\/\\\/favorite-news.com\\\/de\\\/sanitaeter-klagt-attila-hildmann-an-hat-mich-fuer-anti-impf-propaganda-benutzt\\\/#article\",\"isPartOf\":{\"@id\":\"https:\\\/\\\/favorite-news.com\\\/de\\\/sanitaeter-klagt-attila-hildmann-an-hat-mich-fuer-anti-impf-propaganda-benutzt\\\/\"},\"author\":{\"name\":\"favorite-news\",\"@id\":\"https:\\\/\\\/favorite-news.com\\\/de\\\/#\\\/schema\\\/person\\\/b66c4cfdd10a5bf16d7d5efda647111f\"},\"headline\":\"Sanit\u00e4ter klagt Attila Hildmann an: Hat mich &#8222;f\u00fcr Anti-Impf-Propaganda benutzt&#8220;\",\"datePublished\":\"2021-02-27T02:59:15+00:00\",\"mainEntityOfPage\":{\"@id\":\"https:\\\/\\\/favorite-news.com\\\/de\\\/sanitaeter-klagt-attila-hildmann-an-hat-mich-fuer-anti-impf-propaganda-benutzt\\\/\"},\"wordCount\":544,\"commentCount\":0,\"articleSection\":[\"NEUIGKEITEN\"],\"inLanguage\":\"de\",\"potentialAction\":[{\"@type\":\"CommentAction\",\"name\":\"Comment\",\"target\":[\"https:\\\/\\\/favorite-news.com\\\/de\\\/sanitaeter-klagt-attila-hildmann-an-hat-mich-fuer-anti-impf-propaganda-benutzt\\\/#respond\"]}]},{\"@type\":\"WebPage\",\"@id\":\"https:\\\/\\\/favorite-news.com\\\/de\\\/sanitaeter-klagt-attila-hildmann-an-hat-mich-fuer-anti-impf-propaganda-benutzt\\\/\",\"url\":\"https:\\\/\\\/favorite-news.com\\\/de\\\/sanitaeter-klagt-attila-hildmann-an-hat-mich-fuer-anti-impf-propaganda-benutzt\\\/\",\"name\":\"Sanit\u00e4ter klagt Attila Hildmann an: Hat mich \\\"f\u00fcr Anti-Impf-Propaganda benutzt\\\" - Favorite News\",\"isPartOf\":{\"@id\":\"https:\\\/\\\/favorite-news.com\\\/de\\\/#website\"},\"datePublished\":\"2021-02-27T02:59:15+00:00\",\"author\":{\"@id\":\"https:\\\/\\\/favorite-news.com\\\/de\\\/#\\\/schema\\\/person\\\/b66c4cfdd10a5bf16d7d5efda647111f\"},\"breadcrumb\":{\"@id\":\"https:\\\/\\\/favorite-news.com\\\/de\\\/sanitaeter-klagt-attila-hildmann-an-hat-mich-fuer-anti-impf-propaganda-benutzt\\\/#breadcrumb\"},\"inLanguage\":\"de\",\"potentialAction\":[{\"@type\":\"ReadAction\",\"target\":[\"https:\\\/\\\/favorite-news.com\\\/de\\\/sanitaeter-klagt-attila-hildmann-an-hat-mich-fuer-anti-impf-propaganda-benutzt\\\/\"]}]},{\"@type\":\"BreadcrumbList\",\"@id\":\"https:\\\/\\\/favorite-news.com\\\/de\\\/sanitaeter-klagt-attila-hildmann-an-hat-mich-fuer-anti-impf-propaganda-benutzt\\\/#breadcrumb\",\"itemListElement\":[{\"@type\":\"ListItem\",\"position\":1,\"name\":\"Home\",\"item\":\"https:\\\/\\\/favorite-news.com\\\/de\\\/\"},{\"@type\":\"ListItem\",\"position\":2,\"name\":\"Sanit\u00e4ter klagt Attila Hildmann an: Hat mich &#8222;f\u00fcr Anti-Impf-Propaganda benutzt&#8220;\"}]},{\"@type\":\"WebSite\",\"@id\":\"https:\\\/\\\/favorite-news.com\\\/de\\\/#website\",\"url\":\"https:\\\/\\\/favorite-news.com\\\/de\\\/\",\"name\":\"Favorite News\",\"description\":\"Favorite News Germany\",\"potentialAction\":[{\"@type\":\"SearchAction\",\"target\":{\"@type\":\"EntryPoint\",\"urlTemplate\":\"https:\\\/\\\/favorite-news.com\\\/de\\\/?s={search_term_string}\"},\"query-input\":{\"@type\":\"PropertyValueSpecification\",\"valueRequired\":true,\"valueName\":\"search_term_string\"}}],\"inLanguage\":\"de\"},{\"@type\":\"Person\",\"@id\":\"https:\\\/\\\/favorite-news.com\\\/de\\\/#\\\/schema\\\/person\\\/b66c4cfdd10a5bf16d7d5efda647111f\",\"name\":\"favorite-news\",\"image\":{\"@type\":\"ImageObject\",\"inLanguage\":\"de\",\"@id\":\"https:\\\/\\\/secure.gravatar.com\\\/avatar\\\/f89959e01423a9ee3c2debbcf830eb021c575de0e1b3781ca3ae392b71c615a1?s=96&d=mm&r=g\",\"url\":\"https:\\\/\\\/secure.gravatar.com\\\/avatar\\\/f89959e01423a9ee3c2debbcf830eb021c575de0e1b3781ca3ae392b71c615a1?s=96&d=mm&r=g\",\"contentUrl\":\"https:\\\/\\\/secure.gravatar.com\\\/avatar\\\/f89959e01423a9ee3c2debbcf830eb021c575de0e1b3781ca3ae392b71c615a1?s=96&d=mm&r=g\",\"caption\":\"favorite-news\"},\"url\":\"https:\\\/\\\/favorite-news.com\\\/de\\\/author\\\/ruby\\\/\"}]}<\/script>\n<!-- \/ Yoast SEO plugin. -->","yoast_head_json":{"title":"Sanit\u00e4ter klagt Attila Hildmann an: Hat mich \"f\u00fcr Anti-Impf-Propaganda benutzt\" - Favorite News","robots":{"index":"index","follow":"follow","max-snippet":"max-snippet:-1","max-image-preview":"max-image-preview:large","max-video-preview":"max-video-preview:-1"},"canonical":"https:\/\/favorite-news.com\/de\/sanitaeter-klagt-attila-hildmann-an-hat-mich-fuer-anti-impf-propaganda-benutzt\/","og_locale":"de_DE","og_type":"article","og_title":"Sanit\u00e4ter klagt Attila Hildmann an: Hat mich \"f\u00fcr Anti-Impf-Propaganda benutzt\" - Favorite News","og_description":"[ad_1] &#8222;Ich war extrem ersch\u00fcttert&#8220;: So beschreibt der Notfallsanit\u00e4ter Timo Sievert den Moment, als er ein YouTube-Video von sich auf dem Kanal von Attila Hildmann entdeckte. &#8222;Meinungsfreiheit und Meinungsvielfalt ist eines der h\u00f6chsten G\u00fcter, die wir in unserer Gesellschaft haben. Attila Hildmann aber hat mein Video f\u00fcr seine Anti-Impf-Propaganda benutzt&#8220;, sagt er in einem aktuellen [&hellip;]","og_url":"https:\/\/favorite-news.com\/de\/sanitaeter-klagt-attila-hildmann-an-hat-mich-fuer-anti-impf-propaganda-benutzt\/","og_site_name":"Favorite News","article_published_time":"2021-02-27T02:59:15+00:00","author":"favorite-news","twitter_card":"summary_large_image","twitter_misc":{"Verfasst von":"favorite-news","Gesch\u00e4tzte Lesezeit":"3\u00a0Minuten"},"schema":{"@context":"https:\/\/schema.org","@graph":[{"@type":"Article","@id":"https:\/\/favorite-news.com\/de\/sanitaeter-klagt-attila-hildmann-an-hat-mich-fuer-anti-impf-propaganda-benutzt\/#article","isPartOf":{"@id":"https:\/\/favorite-news.com\/de\/sanitaeter-klagt-attila-hildmann-an-hat-mich-fuer-anti-impf-propaganda-benutzt\/"},"author":{"name":"favorite-news","@id":"https:\/\/favorite-news.com\/de\/#\/schema\/person\/b66c4cfdd10a5bf16d7d5efda647111f"},"headline":"Sanit\u00e4ter klagt Attila Hildmann an: Hat mich &#8222;f\u00fcr Anti-Impf-Propaganda benutzt&#8220;","datePublished":"2021-02-27T02:59:15+00:00","mainEntityOfPage":{"@id":"https:\/\/favorite-news.com\/de\/sanitaeter-klagt-attila-hildmann-an-hat-mich-fuer-anti-impf-propaganda-benutzt\/"},"wordCount":544,"commentCount":0,"articleSection":["NEUIGKEITEN"],"inLanguage":"de","potentialAction":[{"@type":"CommentAction","name":"Comment","target":["https:\/\/favorite-news.com\/de\/sanitaeter-klagt-attila-hildmann-an-hat-mich-fuer-anti-impf-propaganda-benutzt\/#respond"]}]},{"@type":"WebPage","@id":"https:\/\/favorite-news.com\/de\/sanitaeter-klagt-attila-hildmann-an-hat-mich-fuer-anti-impf-propaganda-benutzt\/","url":"https:\/\/favorite-news.com\/de\/sanitaeter-klagt-attila-hildmann-an-hat-mich-fuer-anti-impf-propaganda-benutzt\/","name":"Sanit\u00e4ter klagt Attila Hildmann an: Hat mich \"f\u00fcr Anti-Impf-Propaganda benutzt\" - Favorite News","isPartOf":{"@id":"https:\/\/favorite-news.com\/de\/#website"},"datePublished":"2021-02-27T02:59:15+00:00","author":{"@id":"https:\/\/favorite-news.com\/de\/#\/schema\/person\/b66c4cfdd10a5bf16d7d5efda647111f"},"breadcrumb":{"@id":"https:\/\/favorite-news.com\/de\/sanitaeter-klagt-attila-hildmann-an-hat-mich-fuer-anti-impf-propaganda-benutzt\/#breadcrumb"},"inLanguage":"de","potentialAction":[{"@type":"ReadAction","target":["https:\/\/favorite-news.com\/de\/sanitaeter-klagt-attila-hildmann-an-hat-mich-fuer-anti-impf-propaganda-benutzt\/"]}]},{"@type":"BreadcrumbList","@id":"https:\/\/favorite-news.com\/de\/sanitaeter-klagt-attila-hildmann-an-hat-mich-fuer-anti-impf-propaganda-benutzt\/#breadcrumb","itemListElement":[{"@type":"ListItem","position":1,"name":"Home","item":"https:\/\/favorite-news.com\/de\/"},{"@type":"ListItem","position":2,"name":"Sanit\u00e4ter klagt Attila Hildmann an: Hat mich &#8222;f\u00fcr Anti-Impf-Propaganda benutzt&#8220;"}]},{"@type":"WebSite","@id":"https:\/\/favorite-news.com\/de\/#website","url":"https:\/\/favorite-news.com\/de\/","name":"Favorite News","description":"Favorite News Germany","potentialAction":[{"@type":"SearchAction","target":{"@type":"EntryPoint","urlTemplate":"https:\/\/favorite-news.com\/de\/?s={search_term_string}"},"query-input":{"@type":"PropertyValueSpecification","valueRequired":true,"valueName":"search_term_string"}}],"inLanguage":"de"},{"@type":"Person","@id":"https:\/\/favorite-news.com\/de\/#\/schema\/person\/b66c4cfdd10a5bf16d7d5efda647111f","name":"favorite-news","image":{"@type":"ImageObject","inLanguage":"de","@id":"https:\/\/secure.gravatar.com\/avatar\/f89959e01423a9ee3c2debbcf830eb021c575de0e1b3781ca3ae392b71c615a1?s=96&d=mm&r=g","url":"https:\/\/secure.gravatar.com\/avatar\/f89959e01423a9ee3c2debbcf830eb021c575de0e1b3781ca3ae392b71c615a1?s=96&d=mm&r=g","contentUrl":"https:\/\/secure.gravatar.com\/avatar\/f89959e01423a9ee3c2debbcf830eb021c575de0e1b3781ca3ae392b71c615a1?s=96&d=mm&r=g","caption":"favorite-news"},"url":"https:\/\/favorite-news.com\/de\/author\/ruby\/"}]}},"_links":{"self":[{"href":"https:\/\/favorite-news.com\/de\/wp-json\/wp\/v2\/posts\/1048","targetHints":{"allow":["GET"]}}],"collection":[{"href":"https:\/\/favorite-news.com\/de\/wp-json\/wp\/v2\/posts"}],"about":[{"href":"https:\/\/favorite-news.com\/de\/wp-json\/wp\/v2\/types\/post"}],"author":[{"embeddable":true,"href":"https:\/\/favorite-news.com\/de\/wp-json\/wp\/v2\/users\/1"}],"replies":[{"embeddable":true,"href":"https:\/\/favorite-news.com\/de\/wp-json\/wp\/v2\/comments?post=1048"}],"version-history":[{"count":0,"href":"https:\/\/favorite-news.com\/de\/wp-json\/wp\/v2\/posts\/1048\/revisions"}],"wp:attachment":[{"href":"https:\/\/favorite-news.com\/de\/wp-json\/wp\/v2\/media?parent=1048"}],"wp:term":[{"taxonomy":"category","embeddable":true,"href":"https:\/\/favorite-news.com\/de\/wp-json\/wp\/v2\/categories?post=1048"},{"taxonomy":"post_tag","embeddable":true,"href":"https:\/\/favorite-news.com\/de\/wp-json\/wp\/v2\/tags?post=1048"}],"curies":[{"name":"wp","href":"https:\/\/api.w.org\/{rel}","templated":true}]}}