{"id":1033,"date":"2021-02-23T02:18:01","date_gmt":"2021-02-23T02:18:01","guid":{"rendered":"https:\/\/favorite-news.com\/de\/mallorca-inzidenz-sinkt-unter-50-wird-reisewarnung-bald-aufgehoben\/"},"modified":"2021-02-23T02:18:01","modified_gmt":"2021-02-23T02:18:01","slug":"mallorca-inzidenz-sinkt-unter-50-wird-reisewarnung-bald-aufgehoben","status":"publish","type":"post","link":"https:\/\/favorite-news.com\/de\/mallorca-inzidenz-sinkt-unter-50-wird-reisewarnung-bald-aufgehoben\/","title":{"rendered":"Mallorca: Inzidenz sinkt unter 50 &#8211; wird Reisewarnung bald aufgehoben?"},"content":{"rendered":"<p>[ad_1]<br \/>\n <br \/>\n\t\tDie\u00a0Zahl\u00a0der\u00a0Neuinfektionen\u00a0je 100.000 Einwohner binnen 7 Tagen ist\u00a0in\u00a0Spanien\u00a0erstmals seit dem 15. Dezember wieder unter 100 gesunken. Auf den auch bei deutschen Urlaubern besonders beliebten Balearen, zu denen Mallorca z\u00e4hlt, und den Kanarischen Inseln fiel\u00a0der\u00a0Wert sogar unter die Marke 50, wie das Gesundheitsministerium\u00a0in\u00a0Madrid am Montag weiter mitteilte.Die 50er-Marke ist eines\u00a0der\u00a0Kriterien f\u00fcr die Einstufung als Risikogebiet durch das Robert-Koch-Institut. Seit Mitte August gilt auf dieser Grundlage f\u00fcr\u00a0Spanien\u00a0mit den Balearen eine Reisewarnung des Ausw\u00e4rtigen Amtes, f\u00fcr die Kanaren seit Anfang September.\u00a0In\u00a0Deutschland liegt die sogenannte 7-Tage-Inzidenz zurzeit bei 61. Die Einstufung als Risikogebiet erfolgt nach gemeinsamer Analyse vom Gesundheitsministerium, Ausw\u00e4rtigen Amt und Innenministerium und basiert auf einer zweistufigen Bewertung. Zun\u00e4chst wird festgestellt, in welchen Staaten oder Regionen es in den letzten sieben Tagen mehr als 50 Neuinfizierte pro 100.000 Einwohner gab. In einem zweiten Schritt wird festgestellt, ob f\u00fcr Staaten, die den Grenzwert unterschreiten, dennoch die Gefahr eines erh\u00f6hten Infektionsrisikos vorliegt. Spanien: Corona-Ma\u00dfnahmen werden gelockertSpaniens Tourismusministerin Reyes Maroto zeigte sich am Montag zuversichtlich, dass bald wieder mehr Urlauber nach\u00a0Spanien\u00a0kommen k\u00f6nnten, wie\u00a0der\u00a0staatliche TV-Sender RTVE berichtete. Angesichts\u00a0der\u00a0leichten Entspannung werden\u00a0in\u00a0einigen St\u00e4dten und Regionen die Corona-Ma\u00dfnahmen ein wenig\u00a0gelockert.Lesetipp:  Gro\u00dfer Europa-Check: Nur 3 L\u00e4nder liegen im gr\u00fcnen Bereich, 28 m\u00fcssen jetzt handelnIn\u00a0Katalonien macht sich die fortschreitende Impfaktion einer Studie zufolge bereits bemerkbar. So sei\u00a0der\u00a0Anteil von Bewohnern von Altenheimen, die wegen Corona ins Krankenhaus mussten oder gar an dem Virus starben, um die H\u00e4lfte zur\u00fcckgegangen. Das ergab eine Untersuchung\u00a0der\u00a0Polytechnischen Universit\u00e4t von Katalonien, wie die Zeitung &#8222;La Vanguardia&#8220; berichtete.Spanien\u00a0ist eines\u00a0der\u00a0am h\u00e4rtesten von\u00a0der\u00a0Corona-Pandemie getroffenen L\u00e4nder Westeuropas. Bisher wurden mehr als 3,15 Millionen Corona-Infektionen und mehr als 67.000 Todesf\u00e4lle im Zusammenhang mit Covid-19 registriert.<br \/>\n <br \/>[ad_2]<br \/>\n <br \/><a href=\"https:\/\/www.focus.de\/reisen\/spanien\/erste-massnahmen-gelockert-neuinfektionen-in-spanien-sinken-tourismusministerin-weckt-urlaubshoffnungen_id_13010282.html\">\u0421\u0441\u044b\u043b\u043a\u0430 \u043d\u0430 \u0438\u0441\u0442\u043e\u0447\u043d\u0438\u043a <\/a><\/p>\n","protected":false},"excerpt":{"rendered":"<p>[ad_1] Die\u00a0Zahl\u00a0der\u00a0Neuinfektionen\u00a0je 100.000 Einwohner binnen 7 Tagen ist\u00a0in\u00a0Spanien\u00a0erstmals seit dem 15. Dezember wieder unter 100 gesunken. Auf den auch bei deutschen Urlaubern besonders beliebten Balearen, zu denen Mallorca z\u00e4hlt, und den Kanarischen Inseln fiel\u00a0der\u00a0Wert sogar unter die Marke 50, wie das Gesundheitsministerium\u00a0in\u00a0Madrid am Montag weiter mitteilte.Die 50er-Marke ist eines\u00a0der\u00a0Kriterien f\u00fcr die Einstufung als Risikogebiet durch [&hellip;]<\/p>\n","protected":false},"author":1,"featured_media":0,"comment_status":"open","ping_status":"open","sticky":false,"template":"","format":"standard","meta":{"footnotes":""},"categories":[1],"tags":[],"class_list":["post-1033","post","type-post","status-publish","format-standard","hentry","category-neuigkeiten"],"yoast_head":"<!-- This site is optimized with the Yoast SEO plugin v27.4 - https:\/\/yoast.com\/product\/yoast-seo-wordpress\/ -->\n<title>Mallorca: Inzidenz sinkt unter 50 - wird Reisewarnung bald aufgehoben? - Favorite News<\/title>\n<meta name=\"robots\" content=\"index, follow, max-snippet:-1, max-image-preview:large, max-video-preview:-1\" \/>\n<link rel=\"canonical\" href=\"https:\/\/favorite-news.com\/de\/mallorca-inzidenz-sinkt-unter-50-wird-reisewarnung-bald-aufgehoben\/\" \/>\n<meta property=\"og:locale\" content=\"de_DE\" \/>\n<meta property=\"og:type\" content=\"article\" \/>\n<meta property=\"og:title\" content=\"Mallorca: Inzidenz sinkt unter 50 - wird Reisewarnung bald aufgehoben? - Favorite News\" \/>\n<meta property=\"og:description\" content=\"[ad_1] Die\u00a0Zahl\u00a0der\u00a0Neuinfektionen\u00a0je 100.000 Einwohner binnen 7 Tagen ist\u00a0in\u00a0Spanien\u00a0erstmals seit dem 15. Dezember wieder unter 100 gesunken. Auf den auch bei deutschen Urlaubern besonders beliebten Balearen, zu denen Mallorca z\u00e4hlt, und den Kanarischen Inseln fiel\u00a0der\u00a0Wert sogar unter die Marke 50, wie das Gesundheitsministerium\u00a0in\u00a0Madrid am Montag weiter mitteilte.Die 50er-Marke ist eines\u00a0der\u00a0Kriterien f\u00fcr die Einstufung als Risikogebiet durch [&hellip;]\" \/>\n<meta property=\"og:url\" content=\"https:\/\/favorite-news.com\/de\/mallorca-inzidenz-sinkt-unter-50-wird-reisewarnung-bald-aufgehoben\/\" \/>\n<meta property=\"og:site_name\" content=\"Favorite News\" \/>\n<meta property=\"article:published_time\" content=\"2021-02-23T02:18:01+00:00\" \/>\n<meta name=\"author\" content=\"favorite-news\" \/>\n<meta name=\"twitter:card\" content=\"summary_large_image\" \/>\n<meta name=\"twitter:label1\" content=\"Verfasst von\" \/>\n\t<meta name=\"twitter:data1\" content=\"favorite-news\" \/>\n\t<meta name=\"twitter:label2\" content=\"Gesch\u00e4tzte Lesezeit\" \/>\n\t<meta name=\"twitter:data2\" content=\"2\u00a0Minuten\" \/>\n<script type=\"application\/ld+json\" class=\"yoast-schema-graph\">{\"@context\":\"https:\\\/\\\/schema.org\",\"@graph\":[{\"@type\":\"Article\",\"@id\":\"https:\\\/\\\/favorite-news.com\\\/de\\\/mallorca-inzidenz-sinkt-unter-50-wird-reisewarnung-bald-aufgehoben\\\/#article\",\"isPartOf\":{\"@id\":\"https:\\\/\\\/favorite-news.com\\\/de\\\/mallorca-inzidenz-sinkt-unter-50-wird-reisewarnung-bald-aufgehoben\\\/\"},\"author\":{\"name\":\"favorite-news\",\"@id\":\"https:\\\/\\\/favorite-news.com\\\/de\\\/#\\\/schema\\\/person\\\/b66c4cfdd10a5bf16d7d5efda647111f\"},\"headline\":\"Mallorca: Inzidenz sinkt unter 50 &#8211; wird Reisewarnung bald aufgehoben?\",\"datePublished\":\"2021-02-23T02:18:01+00:00\",\"mainEntityOfPage\":{\"@id\":\"https:\\\/\\\/favorite-news.com\\\/de\\\/mallorca-inzidenz-sinkt-unter-50-wird-reisewarnung-bald-aufgehoben\\\/\"},\"wordCount\":324,\"commentCount\":0,\"articleSection\":[\"NEUIGKEITEN\"],\"inLanguage\":\"de\",\"potentialAction\":[{\"@type\":\"CommentAction\",\"name\":\"Comment\",\"target\":[\"https:\\\/\\\/favorite-news.com\\\/de\\\/mallorca-inzidenz-sinkt-unter-50-wird-reisewarnung-bald-aufgehoben\\\/#respond\"]}]},{\"@type\":\"WebPage\",\"@id\":\"https:\\\/\\\/favorite-news.com\\\/de\\\/mallorca-inzidenz-sinkt-unter-50-wird-reisewarnung-bald-aufgehoben\\\/\",\"url\":\"https:\\\/\\\/favorite-news.com\\\/de\\\/mallorca-inzidenz-sinkt-unter-50-wird-reisewarnung-bald-aufgehoben\\\/\",\"name\":\"Mallorca: Inzidenz sinkt unter 50 - wird Reisewarnung bald aufgehoben? - Favorite News\",\"isPartOf\":{\"@id\":\"https:\\\/\\\/favorite-news.com\\\/de\\\/#website\"},\"datePublished\":\"2021-02-23T02:18:01+00:00\",\"author\":{\"@id\":\"https:\\\/\\\/favorite-news.com\\\/de\\\/#\\\/schema\\\/person\\\/b66c4cfdd10a5bf16d7d5efda647111f\"},\"breadcrumb\":{\"@id\":\"https:\\\/\\\/favorite-news.com\\\/de\\\/mallorca-inzidenz-sinkt-unter-50-wird-reisewarnung-bald-aufgehoben\\\/#breadcrumb\"},\"inLanguage\":\"de\",\"potentialAction\":[{\"@type\":\"ReadAction\",\"target\":[\"https:\\\/\\\/favorite-news.com\\\/de\\\/mallorca-inzidenz-sinkt-unter-50-wird-reisewarnung-bald-aufgehoben\\\/\"]}]},{\"@type\":\"BreadcrumbList\",\"@id\":\"https:\\\/\\\/favorite-news.com\\\/de\\\/mallorca-inzidenz-sinkt-unter-50-wird-reisewarnung-bald-aufgehoben\\\/#breadcrumb\",\"itemListElement\":[{\"@type\":\"ListItem\",\"position\":1,\"name\":\"Home\",\"item\":\"https:\\\/\\\/favorite-news.com\\\/de\\\/\"},{\"@type\":\"ListItem\",\"position\":2,\"name\":\"Mallorca: Inzidenz sinkt unter 50 &#8211; wird Reisewarnung bald aufgehoben?\"}]},{\"@type\":\"WebSite\",\"@id\":\"https:\\\/\\\/favorite-news.com\\\/de\\\/#website\",\"url\":\"https:\\\/\\\/favorite-news.com\\\/de\\\/\",\"name\":\"Favorite News\",\"description\":\"Favorite News Germany\",\"potentialAction\":[{\"@type\":\"SearchAction\",\"target\":{\"@type\":\"EntryPoint\",\"urlTemplate\":\"https:\\\/\\\/favorite-news.com\\\/de\\\/?s={search_term_string}\"},\"query-input\":{\"@type\":\"PropertyValueSpecification\",\"valueRequired\":true,\"valueName\":\"search_term_string\"}}],\"inLanguage\":\"de\"},{\"@type\":\"Person\",\"@id\":\"https:\\\/\\\/favorite-news.com\\\/de\\\/#\\\/schema\\\/person\\\/b66c4cfdd10a5bf16d7d5efda647111f\",\"name\":\"favorite-news\",\"image\":{\"@type\":\"ImageObject\",\"inLanguage\":\"de\",\"@id\":\"https:\\\/\\\/secure.gravatar.com\\\/avatar\\\/f89959e01423a9ee3c2debbcf830eb021c575de0e1b3781ca3ae392b71c615a1?s=96&d=mm&r=g\",\"url\":\"https:\\\/\\\/secure.gravatar.com\\\/avatar\\\/f89959e01423a9ee3c2debbcf830eb021c575de0e1b3781ca3ae392b71c615a1?s=96&d=mm&r=g\",\"contentUrl\":\"https:\\\/\\\/secure.gravatar.com\\\/avatar\\\/f89959e01423a9ee3c2debbcf830eb021c575de0e1b3781ca3ae392b71c615a1?s=96&d=mm&r=g\",\"caption\":\"favorite-news\"},\"url\":\"https:\\\/\\\/favorite-news.com\\\/de\\\/author\\\/ruby\\\/\"}]}<\/script>\n<!-- \/ Yoast SEO plugin. -->","yoast_head_json":{"title":"Mallorca: Inzidenz sinkt unter 50 - wird Reisewarnung bald aufgehoben? - Favorite News","robots":{"index":"index","follow":"follow","max-snippet":"max-snippet:-1","max-image-preview":"max-image-preview:large","max-video-preview":"max-video-preview:-1"},"canonical":"https:\/\/favorite-news.com\/de\/mallorca-inzidenz-sinkt-unter-50-wird-reisewarnung-bald-aufgehoben\/","og_locale":"de_DE","og_type":"article","og_title":"Mallorca: Inzidenz sinkt unter 50 - wird Reisewarnung bald aufgehoben? - Favorite News","og_description":"[ad_1] Die\u00a0Zahl\u00a0der\u00a0Neuinfektionen\u00a0je 100.000 Einwohner binnen 7 Tagen ist\u00a0in\u00a0Spanien\u00a0erstmals seit dem 15. Dezember wieder unter 100 gesunken. Auf den auch bei deutschen Urlaubern besonders beliebten Balearen, zu denen Mallorca z\u00e4hlt, und den Kanarischen Inseln fiel\u00a0der\u00a0Wert sogar unter die Marke 50, wie das Gesundheitsministerium\u00a0in\u00a0Madrid am Montag weiter mitteilte.Die 50er-Marke ist eines\u00a0der\u00a0Kriterien f\u00fcr die Einstufung als Risikogebiet durch [&hellip;]","og_url":"https:\/\/favorite-news.com\/de\/mallorca-inzidenz-sinkt-unter-50-wird-reisewarnung-bald-aufgehoben\/","og_site_name":"Favorite News","article_published_time":"2021-02-23T02:18:01+00:00","author":"favorite-news","twitter_card":"summary_large_image","twitter_misc":{"Verfasst von":"favorite-news","Gesch\u00e4tzte Lesezeit":"2\u00a0Minuten"},"schema":{"@context":"https:\/\/schema.org","@graph":[{"@type":"Article","@id":"https:\/\/favorite-news.com\/de\/mallorca-inzidenz-sinkt-unter-50-wird-reisewarnung-bald-aufgehoben\/#article","isPartOf":{"@id":"https:\/\/favorite-news.com\/de\/mallorca-inzidenz-sinkt-unter-50-wird-reisewarnung-bald-aufgehoben\/"},"author":{"name":"favorite-news","@id":"https:\/\/favorite-news.com\/de\/#\/schema\/person\/b66c4cfdd10a5bf16d7d5efda647111f"},"headline":"Mallorca: Inzidenz sinkt unter 50 &#8211; wird Reisewarnung bald aufgehoben?","datePublished":"2021-02-23T02:18:01+00:00","mainEntityOfPage":{"@id":"https:\/\/favorite-news.com\/de\/mallorca-inzidenz-sinkt-unter-50-wird-reisewarnung-bald-aufgehoben\/"},"wordCount":324,"commentCount":0,"articleSection":["NEUIGKEITEN"],"inLanguage":"de","potentialAction":[{"@type":"CommentAction","name":"Comment","target":["https:\/\/favorite-news.com\/de\/mallorca-inzidenz-sinkt-unter-50-wird-reisewarnung-bald-aufgehoben\/#respond"]}]},{"@type":"WebPage","@id":"https:\/\/favorite-news.com\/de\/mallorca-inzidenz-sinkt-unter-50-wird-reisewarnung-bald-aufgehoben\/","url":"https:\/\/favorite-news.com\/de\/mallorca-inzidenz-sinkt-unter-50-wird-reisewarnung-bald-aufgehoben\/","name":"Mallorca: Inzidenz sinkt unter 50 - wird Reisewarnung bald aufgehoben? - Favorite News","isPartOf":{"@id":"https:\/\/favorite-news.com\/de\/#website"},"datePublished":"2021-02-23T02:18:01+00:00","author":{"@id":"https:\/\/favorite-news.com\/de\/#\/schema\/person\/b66c4cfdd10a5bf16d7d5efda647111f"},"breadcrumb":{"@id":"https:\/\/favorite-news.com\/de\/mallorca-inzidenz-sinkt-unter-50-wird-reisewarnung-bald-aufgehoben\/#breadcrumb"},"inLanguage":"de","potentialAction":[{"@type":"ReadAction","target":["https:\/\/favorite-news.com\/de\/mallorca-inzidenz-sinkt-unter-50-wird-reisewarnung-bald-aufgehoben\/"]}]},{"@type":"BreadcrumbList","@id":"https:\/\/favorite-news.com\/de\/mallorca-inzidenz-sinkt-unter-50-wird-reisewarnung-bald-aufgehoben\/#breadcrumb","itemListElement":[{"@type":"ListItem","position":1,"name":"Home","item":"https:\/\/favorite-news.com\/de\/"},{"@type":"ListItem","position":2,"name":"Mallorca: Inzidenz sinkt unter 50 &#8211; wird Reisewarnung bald aufgehoben?"}]},{"@type":"WebSite","@id":"https:\/\/favorite-news.com\/de\/#website","url":"https:\/\/favorite-news.com\/de\/","name":"Favorite News","description":"Favorite News Germany","potentialAction":[{"@type":"SearchAction","target":{"@type":"EntryPoint","urlTemplate":"https:\/\/favorite-news.com\/de\/?s={search_term_string}"},"query-input":{"@type":"PropertyValueSpecification","valueRequired":true,"valueName":"search_term_string"}}],"inLanguage":"de"},{"@type":"Person","@id":"https:\/\/favorite-news.com\/de\/#\/schema\/person\/b66c4cfdd10a5bf16d7d5efda647111f","name":"favorite-news","image":{"@type":"ImageObject","inLanguage":"de","@id":"https:\/\/secure.gravatar.com\/avatar\/f89959e01423a9ee3c2debbcf830eb021c575de0e1b3781ca3ae392b71c615a1?s=96&d=mm&r=g","url":"https:\/\/secure.gravatar.com\/avatar\/f89959e01423a9ee3c2debbcf830eb021c575de0e1b3781ca3ae392b71c615a1?s=96&d=mm&r=g","contentUrl":"https:\/\/secure.gravatar.com\/avatar\/f89959e01423a9ee3c2debbcf830eb021c575de0e1b3781ca3ae392b71c615a1?s=96&d=mm&r=g","caption":"favorite-news"},"url":"https:\/\/favorite-news.com\/de\/author\/ruby\/"}]}},"_links":{"self":[{"href":"https:\/\/favorite-news.com\/de\/wp-json\/wp\/v2\/posts\/1033","targetHints":{"allow":["GET"]}}],"collection":[{"href":"https:\/\/favorite-news.com\/de\/wp-json\/wp\/v2\/posts"}],"about":[{"href":"https:\/\/favorite-news.com\/de\/wp-json\/wp\/v2\/types\/post"}],"author":[{"embeddable":true,"href":"https:\/\/favorite-news.com\/de\/wp-json\/wp\/v2\/users\/1"}],"replies":[{"embeddable":true,"href":"https:\/\/favorite-news.com\/de\/wp-json\/wp\/v2\/comments?post=1033"}],"version-history":[{"count":0,"href":"https:\/\/favorite-news.com\/de\/wp-json\/wp\/v2\/posts\/1033\/revisions"}],"wp:attachment":[{"href":"https:\/\/favorite-news.com\/de\/wp-json\/wp\/v2\/media?parent=1033"}],"wp:term":[{"taxonomy":"category","embeddable":true,"href":"https:\/\/favorite-news.com\/de\/wp-json\/wp\/v2\/categories?post=1033"},{"taxonomy":"post_tag","embeddable":true,"href":"https:\/\/favorite-news.com\/de\/wp-json\/wp\/v2\/tags?post=1033"}],"curies":[{"name":"wp","href":"https:\/\/api.w.org\/{rel}","templated":true}]}}