{"id":1025,"date":"2021-02-21T02:02:03","date_gmt":"2021-02-21T02:02:03","guid":{"rendered":"https:\/\/favorite-news.com\/de\/karl-heinz-rummenigge-im-zdf-zu-kritik-demut-impfen-katar-reisen-gehaeltern\/"},"modified":"2021-02-21T02:02:03","modified_gmt":"2021-02-21T02:02:03","slug":"karl-heinz-rummenigge-im-zdf-zu-kritik-demut-impfen-katar-reisen-gehaeltern","status":"publish","type":"post","link":"https:\/\/favorite-news.com\/de\/karl-heinz-rummenigge-im-zdf-zu-kritik-demut-impfen-katar-reisen-gehaeltern\/","title":{"rendered":"Karl-Heinz Rummenigge im ZDF zu Kritik, Demut, Impfen, Katar, Reisen, Geh\u00e4ltern"},"content":{"rendered":"<p>[ad_1]<br \/>\n <\/p>\n<p>                   Im ZDF-Sportstudio: Rummenigge zu Corona-Demut, Impf-Aussagen, Katar-Kritik, Reisen, Geh\u00e4ltern<\/p>\n<p>        Bayern-Boss Karl Heinz Rummenigge \u00e4u\u00dfert sich im ZDF-Sportstudio zu den dr\u00e4ngenden Themen des Fu\u00dfballs: den Vorwurf fehlender Corona-Dembut, seine Impf-Aussagen, Kritik an den Reisen und Bayerns Beziehungen mit Katar sowie einer m\u00f6glichen Gehaltsobergrenze.<\/p>\n<p>\t\tKarl-Heinz Rummenigge, Vorstandsvorsitzender des FC Bayern M\u00fcnchen, sprach am Samstagabend im ZDF-Sportstudio mit Moderator Jochen Breyer \u00fcber \u2026\u2026 Bayerns Punktverluste in der Bundesliga:&#8220;Fu\u00dfball muss Emotion sein, und Emotion ist das, was die Bundesliga in dieser Woche bietet. Wir m\u00fcssen uns den Vorwurf gefallen lassen, dass wir in den ersten 30 Minuten gegen Frankfurt zu unkonzentriert und zu inkonsequent gespielt haben. Das sind Fehler, die nicht passieren d\u00fcrfen. Wir m\u00fcssen ein St\u00fcck konzentrierter und auch ein St\u00fcck engagierter spielen.&#8220;\u2026 den Vorwurf fehlender Demut des Fu\u00dfballs in Corona-Zeiten:&#8220;Der Fu\u00dfball hat nach wie vor Demut. Die Bodenhaftung haben wir nicht verloren. Wir sind \u00fcberhaupt nicht arrogant, wir verlangen \u00fcberhaupt keine Sonderbehandlung und nehmen keine Extraw\u00fcrste in Anspruch. Wir ma\u00dfen uns das \u00fcberhaupt nicht an. Ich m\u00f6chte daran erinnern, dass unser Hygienekonzept f\u00fcr viele Ligen in Europa die Blaupause war.&#8220;&#8220;Ich glaube, dass die Menschen den Eindruck haben: Wir sind privilegiert. Ja, wir sind privilegiert, weil wir spielen d\u00fcrfen. Aber ich glaube trotzdem, dass es nicht sch\u00e4dlich ist, dass der Fu\u00dfball weiterspielen darf &#8211; es ist gut. Viele Millionen Menschen haben sich heute wieder mit Fu\u00dfball befasst und sich positiv damit auseinandergesetzt.&#8220; &#8222;Ich glaube, wir m\u00fcssen ein bisschen aufpassen, dass wir im Moment aus der Fu\u00dfballdebatte keine Neiddebatte machen. Wir haben Spieler mit wahnsinnig hohen Geh\u00e4ltern. Mir wird es ein bisschen zu sehr in die Richtung interpretiert: Die d\u00fcrfen spielen, und die Profis verdienen unglaublich viel Geld.&#8220;Rummenigge: &#8222;Wir haben Vorgaben &#8211; wir m\u00fcssen teilnehmen&#8220;\u2026 seine Aussagen zur Impfung von Fu\u00dfballern:&#8220;Es ist offensichtlich von einigen missverstanden worden. Vielleicht habe ich mich auch missverst\u00e4ndlich ausgedr\u00fcckt. Ich habe nur angeregt: Wenn es mal ausreichend Impfstoff gibt, dann w\u00e4re es vielleicht am Fu\u00dfball, ein Vorbild zu sein und Spieler impfen zu lassen, um den B\u00fcrgern zu zeigen, dass Impfen keine Sch\u00e4digung mit sich bringt. &#8222;&#8220;Wir wollen uns in keinster Weise vordr\u00e4ngen uns genauso in die Reihe stellen, wie das von uns allen verlangt wird. Wir wollen auch keine eigenen Probleme l\u00f6sen. Wir sind genau wie alle von Corona beeinflusst. Ich habe totales Verst\u00e4ndnis daf\u00fcr, wenn die Leute ein St\u00fcck weit die Nase voll haben &#8211; das haben wir n\u00e4mlich alle. Corona besch\u00e4ftigt uns Tag und Nacht, das zehrt an den Nerven, auch an den Nerven des Fu\u00dfballs.&#8220;\u2026 Hansis Flicks Auseinandersetzung mit dem &#8222;sogenannten Experten&#8220; Karl Lauterbach:&#8220;Die beiden haben sich ja unterhalten. Karl Lauterbach hat zu Hansi gesagt, es gibt gegenseitiges Verst\u00e4ndnis. Ich habe in dieser Woche mal dem Herrn Altmaier (Bundeswirtschaftsminister Peter Altmaier, Anm. d. Red.) im Fernsehen gesehen: angespannt, kaputt. Wir sind alle kaputt, wir sind alle angespannt. Wir sind nerv\u00f6s.&#8220;&#8220;Man darf nicht den Fehler machen, alles auf die Goldwaage zu legen und alles zu interpretieren, in welche Richtung auch immer. Es gibt dann schnell Shitstorms, die dann m\u00f6glicherweise auch fehlinterpretiert werden.&#8220;<\/p>\n<p>\t\t\t\t\t\u2026 die internationalen Wettbewerbe, die mit noch mehr Reisen verbunden sind &#8211; Spiele wie Leipzig gegen Liverpool und Gladbach gegen Manchester City finden aufgrund der Corona-Mutation in Budapest statt:&#8220;Es gibt diverse Hygienekonzepte: In der Bundesliga von der DFL, in der Champions League von der Uefa, bei der Klub-WM von der Fifa. Ich muss klar und deutlich sagen: Erstens funktionieren die Konzepte ganz gut. Zuletzt in Katar bin alleine ich dreimal in diesen sechs Tagen getestet worden, die Spieler jeden Tag. Und zweitens haben wir Vorgaben. Wir m\u00fcssen teilnehmen. Wir k\u00f6nnen nicht bei der Uefa sagen: Wir spielen nicht. Wissen sie, was die Alternative w\u00e4re? Nicht mehr an der Champions League teilzunehmen.&#8220;&#8220;Man darf dem deutschen Fu\u00dfball da keinen Vorwurf machen. Ich habe eine gewichtige Stimme, aber kein Voting-Recht innerhalb der Exekutive. Das ist ein wichtiger Faktor &#8211; denn das sind keine Entscheidungen der deutschen Klubs, das sind Entscheidungen der Uefa. Und die hat beschlossen, dass diese Spiele stattfinden m\u00fcssen. Diese Entscheidung ist diskussionsw\u00fcrdig. Ich verstehe alle, die dar\u00fcber diskutieren, weil man dadurch nat\u00fcrlich den Eindruck gewinnt, der Fu\u00dfball hat eine Sonderrolle. Wir wollen keine Sonderrolle. Wir \u00fcben unseren Beruf aus, und in unserem Beruf versuchen wir ganz einfach, den Betrieb aufrechtzuerhalten.&#8220;Rummenigge: &#8222;Merkel hat zu Beziehungen mit Katar aufgefordert&#8220;\u2026 Transfersummen und Geh\u00e4lter im Spitzenfu\u00dfball:&#8220;Im letzten Sommer sind die Transfersummen um 50 Prozent nach unten gegangen. Bei den Spitzenspielern, wo die Nachfrage nach wie vor sehr gro\u00df ist, wurde der Gehaltsbereich noch nicht an Corona angepasst &#8211; das hat sich dort noch nicht bemerkbar gemacht. Ich kann mir allerdings vorstellen, dass die Nachfrage n\u00e4chsten Sommer ein St\u00fcck weit nachl\u00e4sst.&#8220;&#8220;Alles, was ich im Moment h\u00f6re, speziell aus dem S\u00fcden, aber auch aus Deutschland, geht in die Richtung, dass die Liquidit\u00e4t nicht mehr in dem Ma\u00dfe vorhanden ist wie fr\u00fcher. Und dann werden auch die gro\u00dfen Klubs beisteuern und die Geh\u00e4lter anpassen m\u00fcssen.&#8220;\u2026 eine m\u00f6gliche Gehaltsobergrenze (Salary Cap):&#8220;Die Gehaltsobergrenze ist schon mal 2008 diskutiert worden. Wir haben versucht, eine Art Salary Cap einzuf\u00fchren &#8211; das ist komplett abgelehnt worden, weil es mit den Wettbewerbsgesetzen innerhalb Europas nicht vereinbar war. Vielleicht ist jetzt eine neue Situation eingetreten. Dass man eben sagt: Wir haben Corona. Jetzt ist man vielleicht bereit, die Gesetzeslage dahingehend zu ver\u00e4ndern, dass man einen Salary Cap akzeptiert. Alternativ k\u00f6nnte man auch das Financial Fairplay ein St\u00fcck weit stringenter machen &#8211; und auch mit klaren Strafen versehen, wenn man dagegen verst\u00f6\u00dft.&#8220;<\/p>\n<p>\t\t\t\t\t\u2026 die Partnerschaft des FC Bayern mit Katar:&#8220;Bundeskanzlerin Angela Merkel hat 2018 speziell den Mittelstand aufgefordert, Handelsbeziehungen mit Katar aufzunehmen und dar\u00fcber auch in einen Dialog zu gehen. Man muss bei Katar ber\u00fccksichtigen: Das ist ein relativ junges Land, erst 1971 in die Unabh\u00e4ngigkeit entlassen. Man muss ein St\u00fcck weit, was Menschen- und Arbeitsrechte betrifft, die notwendige Geduld einbringen. Es ist dort eine andere Kultur und Religion vorhanden.&#8220;\u2026 harsche Kritik speziell von Bayern-Fans am Band mit Katar:&#8220;Wir sind der Meinung, dass wir in einem Dialog viel mehr erreichen als in einer permanent kritischen Haltung. Wenn Sie sich Katar anschauen, seitdem sie mit dem Fu\u00dfball zu tun haben &#8211; sie haben 2011 den Zuschlag f\u00fcr die WM 2022 bekommen: Seitdem entwickelt sich dieses Land. Alle, die mit dem arabischen Golfstaat zu tun haben, werden best\u00e4tigen, dass Katar schon ein geh\u00f6riges St\u00fcck nach vorne gekommen ist, was Menschen -und Arbeitsrechte betrifft.&#8220;&#8220;Letzte Woche in Doha hat die ILO &#8211; die International Labour Organisation, eine Unterabteilung der UN &#8211; uns best\u00e4tigt, dass der Fu\u00dfball einen gro\u00dfen Beitrag dazu leistet, dass sich die Situation in Katar in einer gewissen Kontinuit\u00e4t verbessert. Selbstverst\u00e4ndlich m\u00fcssen wir weiter gemeinsam daran arbeiten. Aber man wird auch Zeit ben\u00f6tigen. ILO hat uns berichtet, dass es ihnen gelungen ist, in zweieinhalb Jahren einen Mindestlohn einzuf\u00fchren. Wissen Sie, wie lange das in Deutschland gedauert hat? 15 Jahre, glaube ich.&#8220;Rummenigge: &#8222;Fu\u00dfball wird in Situation gedr\u00e4ngt, die Welt zu verbessern&#8220;&#8230; die Kraft des Fu\u00dfballs in L\u00e4ndern wie Katar:&#8220;Man darf sich das nicht so einfach machen und sagen, jetzt kommt der gro\u00dfe FC Bayern, hebt den Finger und sagt: Ihr m\u00fcsst jetzt \u00fcber Nacht eure Menschen- und Arbeitsrechte europ\u00e4ischen, idealerweise deutschen Standards unterwerfen. Wir haben auch lange Zeit gebraucht, um diese Werte, die wir heute alle in unserer Republik sch\u00e4tzen, zu erreichen.&#8220;&#8220;Mir wird der Fu\u00dfball im Moment ein bisschen zu sehr in eine Situation gedr\u00e4ngt, wo wir die Welt verbessern wollen. Der Fu\u00dfball kann die Welt ein St\u00fcck weit verbessern &#8211; aber wir k\u00f6nnen trotzdem nicht die ganze Welt verbessern.&#8220;\u2026 die geplante Fu\u00dfball-Europameisterschaft in zw\u00f6lf St\u00e4dten:&#8220;Das wei\u00df ich nicht, das wird gerade diskutiert. Wir haben jetzt noch Februar &#8211; es ist schwer vorauszusagen, wie die Corona-Situation im Juni sein wird.&#8220;<\/p>\n<p>\t\t\t\t\t\u2026 seine schlechteste Entscheidung als Bayern-Boss:&#8220;Ich war mal mitverantwortlich, J\u00fcrgen Klinsmann als Trainer zu verpflichten, und das hat leider bei uns nicht so gut funktioniert. Das lag auch am FC Bayern. Mir tut das leid. J\u00fcrgen ist ja nur ein Jahr geblieben, aber es war keine gute Entscheidung f\u00fcr beide Partien. Uli Hoene\u00df war mit J\u00fcrgen Klopp im Gespr\u00e4ch. Wir mussten eine relativ z\u00fcgige Entscheidung f\u00e4llen und haben uns darauf verst\u00e4ndigt, J\u00fcrgen Klinsmann zu holen.&#8220;\u2026 die Zukunft von Niklas S\u00fcle:&#8220;Er hat noch ein Jahr Vertrag, es werden Gespr\u00e4che gef\u00fchrt. Wir haben mit Dayot Upamecano einen Spieler verpflichtet, jetzt muss man abwarten. Wir werden uns das Ganze bis zum Sommer seri\u00f6s und in Ruhe anschauen. Und dann werden wir Entscheidungen f\u00e4llen m\u00fcssen. &#8222;&#8220;Wir haben finanziell nicht mehr die Masse zur Verf\u00fcgung, die wir vor Corona hatten. Wenn wir eine L\u00f6sung finden, sind wir grunds\u00e4tzlich gerne bereit, den Vertrag zu verl\u00e4ngern. Aber es wird nat\u00fcrlich nur zu gewissen Konditionen m\u00f6glich sein.&#8220;<br \/>\n\t\t\t\t\tAuch im Video: Wieler wettert gegen Kritik am Astrazeneca-Impfstoff: &#8222;Skandalisierende Bezeichnung&#8220;<\/p>\n<p>\t\t\t\t\t\u00a0<br \/>\n\t\t                            jmi<\/p>\n<p>                            \u00a0<\/p>\n<p>\t\t\t\t\tAnzeige<br \/>\n\t\t\t\t\u00a0\u00a0<\/p>\n<p>[ad_2]<br \/>\n <br \/><a href=\"https:\/\/www.focus.de\/sport\/fussball\/karl-heinz-rummenigge-bayern-boss-im-zdf-sportstudio-zu-kritik-demut-impfen-katar-reisen-gehaeltern_id_13004343.html\">\u0421\u0441\u044b\u043b\u043a\u0430 \u043d\u0430 \u0438\u0441\u0442\u043e\u0447\u043d\u0438\u043a <\/a><\/p>\n","protected":false},"excerpt":{"rendered":"<p>[ad_1] Im ZDF-Sportstudio: Rummenigge zu Corona-Demut, Impf-Aussagen, Katar-Kritik, Reisen, Geh\u00e4ltern Bayern-Boss Karl Heinz Rummenigge \u00e4u\u00dfert sich im ZDF-Sportstudio zu den dr\u00e4ngenden Themen des Fu\u00dfballs: den Vorwurf fehlender Corona-Dembut, seine Impf-Aussagen, Kritik an den Reisen und Bayerns Beziehungen mit Katar sowie einer m\u00f6glichen Gehaltsobergrenze. Karl-Heinz Rummenigge, Vorstandsvorsitzender des FC Bayern M\u00fcnchen, sprach am Samstagabend im ZDF-Sportstudio [&hellip;]<\/p>\n","protected":false},"author":1,"featured_media":0,"comment_status":"open","ping_status":"open","sticky":false,"template":"","format":"standard","meta":{"footnotes":""},"categories":[1],"tags":[],"class_list":["post-1025","post","type-post","status-publish","format-standard","hentry","category-neuigkeiten"],"yoast_head":"<!-- This site is optimized with the Yoast SEO plugin v27.4 - https:\/\/yoast.com\/product\/yoast-seo-wordpress\/ -->\n<title>Karl-Heinz Rummenigge im ZDF zu Kritik, Demut, Impfen, Katar, Reisen, Geh\u00e4ltern - Favorite News<\/title>\n<meta name=\"robots\" content=\"index, follow, max-snippet:-1, max-image-preview:large, max-video-preview:-1\" \/>\n<link rel=\"canonical\" href=\"https:\/\/favorite-news.com\/de\/karl-heinz-rummenigge-im-zdf-zu-kritik-demut-impfen-katar-reisen-gehaeltern\/\" \/>\n<meta property=\"og:locale\" content=\"de_DE\" \/>\n<meta property=\"og:type\" content=\"article\" \/>\n<meta property=\"og:title\" content=\"Karl-Heinz Rummenigge im ZDF zu Kritik, Demut, Impfen, Katar, Reisen, Geh\u00e4ltern - Favorite News\" \/>\n<meta property=\"og:description\" content=\"[ad_1] Im ZDF-Sportstudio: Rummenigge zu Corona-Demut, Impf-Aussagen, Katar-Kritik, Reisen, Geh\u00e4ltern Bayern-Boss Karl Heinz Rummenigge \u00e4u\u00dfert sich im ZDF-Sportstudio zu den dr\u00e4ngenden Themen des Fu\u00dfballs: den Vorwurf fehlender Corona-Dembut, seine Impf-Aussagen, Kritik an den Reisen und Bayerns Beziehungen mit Katar sowie einer m\u00f6glichen Gehaltsobergrenze. Karl-Heinz Rummenigge, Vorstandsvorsitzender des FC Bayern M\u00fcnchen, sprach am Samstagabend im ZDF-Sportstudio [&hellip;]\" \/>\n<meta property=\"og:url\" content=\"https:\/\/favorite-news.com\/de\/karl-heinz-rummenigge-im-zdf-zu-kritik-demut-impfen-katar-reisen-gehaeltern\/\" \/>\n<meta property=\"og:site_name\" content=\"Favorite News\" \/>\n<meta property=\"article:published_time\" content=\"2021-02-21T02:02:03+00:00\" \/>\n<meta name=\"author\" content=\"favorite-news\" \/>\n<meta name=\"twitter:card\" content=\"summary_large_image\" \/>\n<meta name=\"twitter:label1\" content=\"Verfasst von\" \/>\n\t<meta name=\"twitter:data1\" content=\"favorite-news\" \/>\n\t<meta name=\"twitter:label2\" content=\"Gesch\u00e4tzte Lesezeit\" \/>\n\t<meta name=\"twitter:data2\" content=\"8\u00a0Minuten\" \/>\n<script type=\"application\/ld+json\" class=\"yoast-schema-graph\">{\"@context\":\"https:\\\/\\\/schema.org\",\"@graph\":[{\"@type\":\"Article\",\"@id\":\"https:\\\/\\\/favorite-news.com\\\/de\\\/karl-heinz-rummenigge-im-zdf-zu-kritik-demut-impfen-katar-reisen-gehaeltern\\\/#article\",\"isPartOf\":{\"@id\":\"https:\\\/\\\/favorite-news.com\\\/de\\\/karl-heinz-rummenigge-im-zdf-zu-kritik-demut-impfen-katar-reisen-gehaeltern\\\/\"},\"author\":{\"name\":\"favorite-news\",\"@id\":\"https:\\\/\\\/favorite-news.com\\\/de\\\/#\\\/schema\\\/person\\\/b66c4cfdd10a5bf16d7d5efda647111f\"},\"headline\":\"Karl-Heinz Rummenigge im ZDF zu Kritik, Demut, Impfen, Katar, Reisen, Geh\u00e4ltern\",\"datePublished\":\"2021-02-21T02:02:03+00:00\",\"mainEntityOfPage\":{\"@id\":\"https:\\\/\\\/favorite-news.com\\\/de\\\/karl-heinz-rummenigge-im-zdf-zu-kritik-demut-impfen-katar-reisen-gehaeltern\\\/\"},\"wordCount\":1584,\"commentCount\":0,\"articleSection\":[\"NEUIGKEITEN\"],\"inLanguage\":\"de\",\"potentialAction\":[{\"@type\":\"CommentAction\",\"name\":\"Comment\",\"target\":[\"https:\\\/\\\/favorite-news.com\\\/de\\\/karl-heinz-rummenigge-im-zdf-zu-kritik-demut-impfen-katar-reisen-gehaeltern\\\/#respond\"]}]},{\"@type\":\"WebPage\",\"@id\":\"https:\\\/\\\/favorite-news.com\\\/de\\\/karl-heinz-rummenigge-im-zdf-zu-kritik-demut-impfen-katar-reisen-gehaeltern\\\/\",\"url\":\"https:\\\/\\\/favorite-news.com\\\/de\\\/karl-heinz-rummenigge-im-zdf-zu-kritik-demut-impfen-katar-reisen-gehaeltern\\\/\",\"name\":\"Karl-Heinz Rummenigge im ZDF zu Kritik, Demut, Impfen, Katar, Reisen, Geh\u00e4ltern - Favorite News\",\"isPartOf\":{\"@id\":\"https:\\\/\\\/favorite-news.com\\\/de\\\/#website\"},\"datePublished\":\"2021-02-21T02:02:03+00:00\",\"author\":{\"@id\":\"https:\\\/\\\/favorite-news.com\\\/de\\\/#\\\/schema\\\/person\\\/b66c4cfdd10a5bf16d7d5efda647111f\"},\"breadcrumb\":{\"@id\":\"https:\\\/\\\/favorite-news.com\\\/de\\\/karl-heinz-rummenigge-im-zdf-zu-kritik-demut-impfen-katar-reisen-gehaeltern\\\/#breadcrumb\"},\"inLanguage\":\"de\",\"potentialAction\":[{\"@type\":\"ReadAction\",\"target\":[\"https:\\\/\\\/favorite-news.com\\\/de\\\/karl-heinz-rummenigge-im-zdf-zu-kritik-demut-impfen-katar-reisen-gehaeltern\\\/\"]}]},{\"@type\":\"BreadcrumbList\",\"@id\":\"https:\\\/\\\/favorite-news.com\\\/de\\\/karl-heinz-rummenigge-im-zdf-zu-kritik-demut-impfen-katar-reisen-gehaeltern\\\/#breadcrumb\",\"itemListElement\":[{\"@type\":\"ListItem\",\"position\":1,\"name\":\"Home\",\"item\":\"https:\\\/\\\/favorite-news.com\\\/de\\\/\"},{\"@type\":\"ListItem\",\"position\":2,\"name\":\"Karl-Heinz Rummenigge im ZDF zu Kritik, Demut, Impfen, Katar, Reisen, Geh\u00e4ltern\"}]},{\"@type\":\"WebSite\",\"@id\":\"https:\\\/\\\/favorite-news.com\\\/de\\\/#website\",\"url\":\"https:\\\/\\\/favorite-news.com\\\/de\\\/\",\"name\":\"Favorite News\",\"description\":\"Favorite News Germany\",\"potentialAction\":[{\"@type\":\"SearchAction\",\"target\":{\"@type\":\"EntryPoint\",\"urlTemplate\":\"https:\\\/\\\/favorite-news.com\\\/de\\\/?s={search_term_string}\"},\"query-input\":{\"@type\":\"PropertyValueSpecification\",\"valueRequired\":true,\"valueName\":\"search_term_string\"}}],\"inLanguage\":\"de\"},{\"@type\":\"Person\",\"@id\":\"https:\\\/\\\/favorite-news.com\\\/de\\\/#\\\/schema\\\/person\\\/b66c4cfdd10a5bf16d7d5efda647111f\",\"name\":\"favorite-news\",\"image\":{\"@type\":\"ImageObject\",\"inLanguage\":\"de\",\"@id\":\"https:\\\/\\\/secure.gravatar.com\\\/avatar\\\/f89959e01423a9ee3c2debbcf830eb021c575de0e1b3781ca3ae392b71c615a1?s=96&d=mm&r=g\",\"url\":\"https:\\\/\\\/secure.gravatar.com\\\/avatar\\\/f89959e01423a9ee3c2debbcf830eb021c575de0e1b3781ca3ae392b71c615a1?s=96&d=mm&r=g\",\"contentUrl\":\"https:\\\/\\\/secure.gravatar.com\\\/avatar\\\/f89959e01423a9ee3c2debbcf830eb021c575de0e1b3781ca3ae392b71c615a1?s=96&d=mm&r=g\",\"caption\":\"favorite-news\"},\"url\":\"https:\\\/\\\/favorite-news.com\\\/de\\\/author\\\/ruby\\\/\"}]}<\/script>\n<!-- \/ Yoast SEO plugin. -->","yoast_head_json":{"title":"Karl-Heinz Rummenigge im ZDF zu Kritik, Demut, Impfen, Katar, Reisen, Geh\u00e4ltern - Favorite News","robots":{"index":"index","follow":"follow","max-snippet":"max-snippet:-1","max-image-preview":"max-image-preview:large","max-video-preview":"max-video-preview:-1"},"canonical":"https:\/\/favorite-news.com\/de\/karl-heinz-rummenigge-im-zdf-zu-kritik-demut-impfen-katar-reisen-gehaeltern\/","og_locale":"de_DE","og_type":"article","og_title":"Karl-Heinz Rummenigge im ZDF zu Kritik, Demut, Impfen, Katar, Reisen, Geh\u00e4ltern - Favorite News","og_description":"[ad_1] Im ZDF-Sportstudio: Rummenigge zu Corona-Demut, Impf-Aussagen, Katar-Kritik, Reisen, Geh\u00e4ltern Bayern-Boss Karl Heinz Rummenigge \u00e4u\u00dfert sich im ZDF-Sportstudio zu den dr\u00e4ngenden Themen des Fu\u00dfballs: den Vorwurf fehlender Corona-Dembut, seine Impf-Aussagen, Kritik an den Reisen und Bayerns Beziehungen mit Katar sowie einer m\u00f6glichen Gehaltsobergrenze. Karl-Heinz Rummenigge, Vorstandsvorsitzender des FC Bayern M\u00fcnchen, sprach am Samstagabend im ZDF-Sportstudio [&hellip;]","og_url":"https:\/\/favorite-news.com\/de\/karl-heinz-rummenigge-im-zdf-zu-kritik-demut-impfen-katar-reisen-gehaeltern\/","og_site_name":"Favorite News","article_published_time":"2021-02-21T02:02:03+00:00","author":"favorite-news","twitter_card":"summary_large_image","twitter_misc":{"Verfasst von":"favorite-news","Gesch\u00e4tzte Lesezeit":"8\u00a0Minuten"},"schema":{"@context":"https:\/\/schema.org","@graph":[{"@type":"Article","@id":"https:\/\/favorite-news.com\/de\/karl-heinz-rummenigge-im-zdf-zu-kritik-demut-impfen-katar-reisen-gehaeltern\/#article","isPartOf":{"@id":"https:\/\/favorite-news.com\/de\/karl-heinz-rummenigge-im-zdf-zu-kritik-demut-impfen-katar-reisen-gehaeltern\/"},"author":{"name":"favorite-news","@id":"https:\/\/favorite-news.com\/de\/#\/schema\/person\/b66c4cfdd10a5bf16d7d5efda647111f"},"headline":"Karl-Heinz Rummenigge im ZDF zu Kritik, Demut, Impfen, Katar, Reisen, Geh\u00e4ltern","datePublished":"2021-02-21T02:02:03+00:00","mainEntityOfPage":{"@id":"https:\/\/favorite-news.com\/de\/karl-heinz-rummenigge-im-zdf-zu-kritik-demut-impfen-katar-reisen-gehaeltern\/"},"wordCount":1584,"commentCount":0,"articleSection":["NEUIGKEITEN"],"inLanguage":"de","potentialAction":[{"@type":"CommentAction","name":"Comment","target":["https:\/\/favorite-news.com\/de\/karl-heinz-rummenigge-im-zdf-zu-kritik-demut-impfen-katar-reisen-gehaeltern\/#respond"]}]},{"@type":"WebPage","@id":"https:\/\/favorite-news.com\/de\/karl-heinz-rummenigge-im-zdf-zu-kritik-demut-impfen-katar-reisen-gehaeltern\/","url":"https:\/\/favorite-news.com\/de\/karl-heinz-rummenigge-im-zdf-zu-kritik-demut-impfen-katar-reisen-gehaeltern\/","name":"Karl-Heinz Rummenigge im ZDF zu Kritik, Demut, Impfen, Katar, Reisen, Geh\u00e4ltern - Favorite News","isPartOf":{"@id":"https:\/\/favorite-news.com\/de\/#website"},"datePublished":"2021-02-21T02:02:03+00:00","author":{"@id":"https:\/\/favorite-news.com\/de\/#\/schema\/person\/b66c4cfdd10a5bf16d7d5efda647111f"},"breadcrumb":{"@id":"https:\/\/favorite-news.com\/de\/karl-heinz-rummenigge-im-zdf-zu-kritik-demut-impfen-katar-reisen-gehaeltern\/#breadcrumb"},"inLanguage":"de","potentialAction":[{"@type":"ReadAction","target":["https:\/\/favorite-news.com\/de\/karl-heinz-rummenigge-im-zdf-zu-kritik-demut-impfen-katar-reisen-gehaeltern\/"]}]},{"@type":"BreadcrumbList","@id":"https:\/\/favorite-news.com\/de\/karl-heinz-rummenigge-im-zdf-zu-kritik-demut-impfen-katar-reisen-gehaeltern\/#breadcrumb","itemListElement":[{"@type":"ListItem","position":1,"name":"Home","item":"https:\/\/favorite-news.com\/de\/"},{"@type":"ListItem","position":2,"name":"Karl-Heinz Rummenigge im ZDF zu Kritik, Demut, Impfen, Katar, Reisen, Geh\u00e4ltern"}]},{"@type":"WebSite","@id":"https:\/\/favorite-news.com\/de\/#website","url":"https:\/\/favorite-news.com\/de\/","name":"Favorite News","description":"Favorite News Germany","potentialAction":[{"@type":"SearchAction","target":{"@type":"EntryPoint","urlTemplate":"https:\/\/favorite-news.com\/de\/?s={search_term_string}"},"query-input":{"@type":"PropertyValueSpecification","valueRequired":true,"valueName":"search_term_string"}}],"inLanguage":"de"},{"@type":"Person","@id":"https:\/\/favorite-news.com\/de\/#\/schema\/person\/b66c4cfdd10a5bf16d7d5efda647111f","name":"favorite-news","image":{"@type":"ImageObject","inLanguage":"de","@id":"https:\/\/secure.gravatar.com\/avatar\/f89959e01423a9ee3c2debbcf830eb021c575de0e1b3781ca3ae392b71c615a1?s=96&d=mm&r=g","url":"https:\/\/secure.gravatar.com\/avatar\/f89959e01423a9ee3c2debbcf830eb021c575de0e1b3781ca3ae392b71c615a1?s=96&d=mm&r=g","contentUrl":"https:\/\/secure.gravatar.com\/avatar\/f89959e01423a9ee3c2debbcf830eb021c575de0e1b3781ca3ae392b71c615a1?s=96&d=mm&r=g","caption":"favorite-news"},"url":"https:\/\/favorite-news.com\/de\/author\/ruby\/"}]}},"_links":{"self":[{"href":"https:\/\/favorite-news.com\/de\/wp-json\/wp\/v2\/posts\/1025","targetHints":{"allow":["GET"]}}],"collection":[{"href":"https:\/\/favorite-news.com\/de\/wp-json\/wp\/v2\/posts"}],"about":[{"href":"https:\/\/favorite-news.com\/de\/wp-json\/wp\/v2\/types\/post"}],"author":[{"embeddable":true,"href":"https:\/\/favorite-news.com\/de\/wp-json\/wp\/v2\/users\/1"}],"replies":[{"embeddable":true,"href":"https:\/\/favorite-news.com\/de\/wp-json\/wp\/v2\/comments?post=1025"}],"version-history":[{"count":0,"href":"https:\/\/favorite-news.com\/de\/wp-json\/wp\/v2\/posts\/1025\/revisions"}],"wp:attachment":[{"href":"https:\/\/favorite-news.com\/de\/wp-json\/wp\/v2\/media?parent=1025"}],"wp:term":[{"taxonomy":"category","embeddable":true,"href":"https:\/\/favorite-news.com\/de\/wp-json\/wp\/v2\/categories?post=1025"},{"taxonomy":"post_tag","embeddable":true,"href":"https:\/\/favorite-news.com\/de\/wp-json\/wp\/v2\/tags?post=1025"}],"curies":[{"name":"wp","href":"https:\/\/api.w.org\/{rel}","templated":true}]}}