{"id":1021,"date":"2021-02-20T01:49:13","date_gmt":"2021-02-20T01:49:13","guid":{"rendered":"https:\/\/favorite-news.com\/de\/vater-von-hanau-opfer-mit-bewegender-rede-seitdem-steht-die-welt-um-uns-still\/"},"modified":"2021-02-20T01:49:13","modified_gmt":"2021-02-20T01:49:13","slug":"vater-von-hanau-opfer-mit-bewegender-rede-seitdem-steht-die-welt-um-uns-still","status":"publish","type":"post","link":"https:\/\/favorite-news.com\/de\/vater-von-hanau-opfer-mit-bewegender-rede-seitdem-steht-die-welt-um-uns-still\/","title":{"rendered":"Vater von Hanau-Opfer mit bewegender Rede: &#8222;Seitdem steht die Welt um uns still&#8220;"},"content":{"rendered":"<p>[ad_1]<br \/>\n <\/p>\n<p>                   Bei Gedenkfeier: Vater von Hanau-Opfer bewegt mit emotionaler Rede: &#8222;Seitdem steht die Welt um uns still&#8220;<\/p>\n<p>        Innerhalb von nur f\u00fcnf Minuten und sechs Sekunden verloren am 19. Februar 2020 in\u00a0Hanau\u00a0neun Menschen durch den rassistisch motivierten Anschlag ihr Leben. Die Frage, wie es dazu kommen konnte, l\u00e4sst ihre Angeh\u00f6rigen auch ein Jahr sp\u00e4ter nicht los.<\/p>\n<p>\t\tTrauer und Schmerz, aber auch Entt\u00e4uschung und Bitterkeit &#8211; ein Jahr nach dem rassistisch motivierten Anschlag in\u00a0Hanau\u00a0sind die Hinterbliebenen gezeichnet von ihrem schweren Verlust. &#8222;Seitdem steht die Welt um uns still. Nichts ist mehr so wie es einmal war&#8220;, sagte Armin Kurtovi\u0107, dessen Sohn Hamza am 19. Februar vor einem Jahr get\u00f6tet worden war, am Freitagabend bei einer bewegenden Gedenkveranstaltung in\u00a0Hanau. Tag f\u00fcr Tag besch\u00e4ftige ihn die Frage, wie es so weit kommen konnte und warum die Tat nicht verhindert werden konnte. Das m\u00fcsse l\u00fcckenlos aufgekl\u00e4rt werden &#8211; doch fehle es am Willen dazu. &#8222;Seit einem Jahr versuchen wir selbst Antworten auf unsere Fragen zu finden, da wir von den zust\u00e4ndigen Stellen kein Geh\u00f6r finden und immer wieder abgewiesen werden&#8220;, sagte Kurtovi\u0107.<\/p>\n<p>\t\t\t\t\tAn der Gedenkveranstaltung nahmen Bundespr\u00e4sident Frank-Walter Steinmeier und Hessens Ministerpr\u00e4sident Volker Bouffier (CDU) teil. Steinmeier stellte sich hinter die Forderung der Angeh\u00f6rigen nach einer Aufkl\u00e4rung aller offenen Fragen. Zugleich rief er die B\u00fcrger zum Zusammenhalt gegen Hass, Rassismus und Hetze auf. &#8222;Aufkl\u00e4rung und Aufarbeitung stehen nicht in freiem Ermessen. Sie sind Bringschuld des Staates gegen\u00fcber der \u00d6ffentlichkeit und vor allem gegen\u00fcber den Angeh\u00f6rigen&#8220;, sagte der Bundespr\u00e4sident.Steinmeier \u00fcber Hanau: &#8222;Der Staat ist gefordert&#8220;Er wisse, dass es Kritik und Fragen an das staatliche Handeln gegeben habe und weiter gebe. Auch der Staat und die, die in ihm Verantwortung tragen, seien nicht unfehlbar. Wo es Fehler oder Fehleinsch\u00e4tzungen gegeben habe, m\u00fcsse aufgekl\u00e4rt werden, sagte Steinmeier. &#8222;Nur in dem Ma\u00dfe, in dem diese Bringschuld abgetragen wird und Antworten auf offene Fragen gegeben werden, kann verlorenes Vertrauen wieder wachsen. Deshalb m\u00fcssen wir uns so sehr darum bem\u00fchen. Der Staat ist gefordert.&#8220;Keineswegs seien ein Jahr nach dem Anschlag die Trauer gewichen, der Schmerz geringer geworden, die Wut verflogen, alle Fragen beantwortet. &#8222;Doch als Bundespr\u00e4sident stehe ich hier und bitte uns: Lasst nicht zu, dass die b\u00f6se Tat uns spaltet! \u00dcbersehen wir nicht die b\u00f6sen Geister in unserer Mitte &#8211; den Hass, die Ausgrenzung, die Gleichg\u00fcltigkeit. Aber lasst uns glauben an den besseren Geist unseres Landes, an unsere Kraft zum Miteinander, zum gemeinsamen Wir!&#8220;<\/p>\n<p>\t\t\t\t\tDer Bundespr\u00e4sident hatte die Hinterbliebenen der Opfer im vergangenen September ins Schloss Bellevue eingeladen und mit ihnen Gespr\u00e4che gef\u00fchrt. Unmittelbar vor der Gedenkveranstaltung hatte er sich mit einem pers\u00f6nlichen Brief an die Familien gewandt. In seiner Rede sagte er ihnen: &#8222;Ich bin hier, weil mich zutiefst bedr\u00fcckt, dass unser Staat sein Versprechen von Schutz, Sicherheit und Freiheit, das er allen gibt, die hier gemeinsam friedlich leben, gegen\u00fcber Ihren Angeh\u00f6rigen nicht hat einhalten k\u00f6nnen.&#8220;L\u00fcbckes Familie \u00fcbermittelte den Hinterbliebenen Mitgef\u00fchlWie der Mord am Kasseler Regierungspr\u00e4sidenten Walter L\u00fcbcke und der Anschlag auf die Synagoge in Halle seien auch die Morde von\u00a0Hanau\u00a0kein Zufall gewesen. &#8222;Die Taten waren von gezielt gesteuertem Hass initiiert, die T\u00e4ter davon ermutigt&#8220;, sagte Steinmeier. &#8222;Die b\u00f6sartige Menschenfeindlichkeit, die sich im Netz oder anderswo zeigt, ist das gef\u00e4hrliche Gift einer kleinen Minderheit &#8211; aber ein Gift, das Wirkung hat. Das immer wieder Menschen glauben macht, sie d\u00fcrften im Namen eines angeblichen Volkswillens andere Menschen dem\u00fctigen, bedrohen, jagen oder gar ermorden.&#8220;<\/p>\n<p>\t\t\t\t\tL\u00fcbckes Familie \u00fcbermittelte den Hinterbliebenen der Opfer von\u00a0Hanau\u00a0am Freitag ihr Mitgef\u00fchl. Es bleibe aber nicht nur Schmerz, sondern es gebe auch viele dr\u00e4ngende Fragen, erkl\u00e4rte sie und w\u00fcnschte den Angeh\u00f6rigen, dass diese bald beantwortet werden. &#8222;Es wird ihre T\u00f6chter und S\u00f6hne, Geschwister, Freundinnen und Freunde nicht zur\u00fcckbringen. Es wird die Tat nicht ungeschehen machen. Aber es kann helfen, mit dem gro\u00dfen Schmerz und dem tiefen Verlust umzugehen und Kraft geben, weiter f\u00fcr unsere Werte Haltung zu zeigen.&#8220;Der 43-j\u00e4hrige Deutsche Tobias R. hatte am Abend des 19. Februar 2020 neun Menschen mit ausl\u00e4ndischen Wurzeln an mehreren Orten in der Stadt im Rhein-Main-Gebiet erschossen, bevor mutma\u00dflich er seine Mutter t\u00f6tete und anschlie\u00dfend sich selbst. Zuvor hatte er Pamphlete und Videos mit Verschw\u00f6rungstheorien und rassistischen Ansichten im Internet ver\u00f6ffentlicht. Die Tat hatte Entsetzen in Deutschland ausgel\u00f6st. Die &#8222;Initiative 19. Februar Hanau&#8220;, ein Zusammenschluss von Hanauer Angeh\u00f6rigen, spricht unter anderem von einem &#8222;Versagen der Beh\u00f6rden vor, w\u00e4hrend und nach der Tat&#8220;. Angeh\u00f6rige der Opfer hatten wiederholt Aufkl\u00e4rung gefordert, etwa zur Frage, warum der unter Wahnvorstellungen leidende T\u00e4ter Waffen besitzen durfte.Bouffier und Kaminsky verlesen Namen der OpferMit einem Zitat von Wilhelm Grimm hatte der fr\u00fchere Fu\u00dfball-Nationalst\u00fcrmer Rudi V\u00f6ller die Gedenkveranstaltung am Abend er\u00f6ffnet: &#8222;Hass, der alle anderen Gef\u00fchle bald \u00fcberfl\u00fcgelt, zerst\u00f6rt mehr als alles andere das ruhige und gedeihliche Leben eines Staates, das auf der inneren Gesinnung der Menschen beruht, nicht auf Bajonetten&#8220;, schrieb der ber\u00fchmte M\u00e4rchensammler, der ebenso wie sein Bruder Jacob in\u00a0Hanau\u00a0geboren wurde. <\/p>\n<p>\t\t\t\t\tIm Anschluss entz\u00fcndete V\u00f6ller, der Ehrenb\u00fcrger von\u00a0Hanau\u00a0ist, eine Gedenkkerze f\u00fcr die Todesopfer, deren Namen sp\u00e4ter von Bouffier und Hanaus Oberb\u00fcrgermeister Claus Kaminsky (SPD) abwechselnd verlesen wurden: Ferhat Unvar, Mercedes Kierpacz, Sedat G\u00fcrb\u00fcz, G\u00f6khan G\u00fcltekin, Hamza Kurtovi\u0107, Kaloyan Velkov, Vili Viorel P\u0103un, Said Nesar Hashemi und Fatih Sara\u00e7o\u011flu. Bilder der Toten waren auf Stelen zu sehen, die nach und nach beleuchtet wurden.Schon vor der offiziellen Gedenkveranstaltung waren am Morgen rund 500 Angeh\u00f6rige und Hanauer B\u00fcrger auf dem Hauptfriedhof zu einer Andacht zusammengekommen. Sie versammelten sich an einem Ensemble von Ehrengr\u00e4bern, wo Ferhat Unvar, Hamza Kurtovi\u0107 und Said Nesar Hashemi begraben sind. Zu dem Ensemble geh\u00f6ren auch Gedenksteine f\u00fcr die weiteren sechs Todesopfer. Verschiedene Religionsgemeinschaften und Gruppierungen erinnerten mit Demonstrationen und einer Kranzniederlegung an die Ermordeten.<br \/>\n\t\t\t\t\tS\u00f6der d\u00e4mpft Hoffnung: &#8222;Zahlen sind gut, aber kein Anlass zur Entwarnung&#8220;<\/p>\n<p>\t\t                            gl\u00f6\/dpa<\/p>\n<p>[ad_2]<br \/>\n <br \/><a href=\"https:\/\/www.focus.de\/politik\/deutschland\/bei-gedenkfeier-seitdem-steht-die-welt-um-uns-still-gedenken-an-hanauer-anschlag_id_13002682.html\">\u0421\u0441\u044b\u043b\u043a\u0430 \u043d\u0430 \u0438\u0441\u0442\u043e\u0447\u043d\u0438\u043a <\/a><\/p>\n","protected":false},"excerpt":{"rendered":"<p>[ad_1] Bei Gedenkfeier: Vater von Hanau-Opfer bewegt mit emotionaler Rede: &#8222;Seitdem steht die Welt um uns still&#8220; Innerhalb von nur f\u00fcnf Minuten und sechs Sekunden verloren am 19. Februar 2020 in\u00a0Hanau\u00a0neun Menschen durch den rassistisch motivierten Anschlag ihr Leben. Die Frage, wie es dazu kommen konnte, l\u00e4sst ihre Angeh\u00f6rigen auch ein Jahr sp\u00e4ter nicht los. [&hellip;]<\/p>\n","protected":false},"author":1,"featured_media":0,"comment_status":"open","ping_status":"open","sticky":false,"template":"","format":"standard","meta":{"footnotes":""},"categories":[1],"tags":[],"class_list":["post-1021","post","type-post","status-publish","format-standard","hentry","category-neuigkeiten"],"yoast_head":"<!-- This site is optimized with the Yoast SEO plugin v27.4 - https:\/\/yoast.com\/product\/yoast-seo-wordpress\/ -->\n<title>Vater von Hanau-Opfer mit bewegender Rede: &quot;Seitdem steht die Welt um uns still&quot; - Favorite News<\/title>\n<meta name=\"robots\" content=\"index, follow, max-snippet:-1, max-image-preview:large, max-video-preview:-1\" \/>\n<link rel=\"canonical\" href=\"https:\/\/favorite-news.com\/de\/vater-von-hanau-opfer-mit-bewegender-rede-seitdem-steht-die-welt-um-uns-still\/\" \/>\n<meta property=\"og:locale\" content=\"de_DE\" \/>\n<meta property=\"og:type\" content=\"article\" \/>\n<meta property=\"og:title\" content=\"Vater von Hanau-Opfer mit bewegender Rede: &quot;Seitdem steht die Welt um uns still&quot; - Favorite News\" \/>\n<meta property=\"og:description\" content=\"[ad_1] Bei Gedenkfeier: Vater von Hanau-Opfer bewegt mit emotionaler Rede: &#8222;Seitdem steht die Welt um uns still&#8220; Innerhalb von nur f\u00fcnf Minuten und sechs Sekunden verloren am 19. Februar 2020 in\u00a0Hanau\u00a0neun Menschen durch den rassistisch motivierten Anschlag ihr Leben. Die Frage, wie es dazu kommen konnte, l\u00e4sst ihre Angeh\u00f6rigen auch ein Jahr sp\u00e4ter nicht los. [&hellip;]\" \/>\n<meta property=\"og:url\" content=\"https:\/\/favorite-news.com\/de\/vater-von-hanau-opfer-mit-bewegender-rede-seitdem-steht-die-welt-um-uns-still\/\" \/>\n<meta property=\"og:site_name\" content=\"Favorite News\" \/>\n<meta property=\"article:published_time\" content=\"2021-02-20T01:49:13+00:00\" \/>\n<meta name=\"author\" content=\"favorite-news\" \/>\n<meta name=\"twitter:card\" content=\"summary_large_image\" \/>\n<meta name=\"twitter:label1\" content=\"Verfasst von\" \/>\n\t<meta name=\"twitter:data1\" content=\"favorite-news\" \/>\n\t<meta name=\"twitter:label2\" content=\"Gesch\u00e4tzte Lesezeit\" \/>\n\t<meta name=\"twitter:data2\" content=\"5\u00a0Minuten\" \/>\n<script type=\"application\/ld+json\" class=\"yoast-schema-graph\">{\"@context\":\"https:\\\/\\\/schema.org\",\"@graph\":[{\"@type\":\"Article\",\"@id\":\"https:\\\/\\\/favorite-news.com\\\/de\\\/vater-von-hanau-opfer-mit-bewegender-rede-seitdem-steht-die-welt-um-uns-still\\\/#article\",\"isPartOf\":{\"@id\":\"https:\\\/\\\/favorite-news.com\\\/de\\\/vater-von-hanau-opfer-mit-bewegender-rede-seitdem-steht-die-welt-um-uns-still\\\/\"},\"author\":{\"name\":\"favorite-news\",\"@id\":\"https:\\\/\\\/favorite-news.com\\\/de\\\/#\\\/schema\\\/person\\\/b66c4cfdd10a5bf16d7d5efda647111f\"},\"headline\":\"Vater von Hanau-Opfer mit bewegender Rede: &#8222;Seitdem steht die Welt um uns still&#8220;\",\"datePublished\":\"2021-02-20T01:49:13+00:00\",\"mainEntityOfPage\":{\"@id\":\"https:\\\/\\\/favorite-news.com\\\/de\\\/vater-von-hanau-opfer-mit-bewegender-rede-seitdem-steht-die-welt-um-uns-still\\\/\"},\"wordCount\":1069,\"commentCount\":0,\"articleSection\":[\"NEUIGKEITEN\"],\"inLanguage\":\"de\",\"potentialAction\":[{\"@type\":\"CommentAction\",\"name\":\"Comment\",\"target\":[\"https:\\\/\\\/favorite-news.com\\\/de\\\/vater-von-hanau-opfer-mit-bewegender-rede-seitdem-steht-die-welt-um-uns-still\\\/#respond\"]}]},{\"@type\":\"WebPage\",\"@id\":\"https:\\\/\\\/favorite-news.com\\\/de\\\/vater-von-hanau-opfer-mit-bewegender-rede-seitdem-steht-die-welt-um-uns-still\\\/\",\"url\":\"https:\\\/\\\/favorite-news.com\\\/de\\\/vater-von-hanau-opfer-mit-bewegender-rede-seitdem-steht-die-welt-um-uns-still\\\/\",\"name\":\"Vater von Hanau-Opfer mit bewegender Rede: \\\"Seitdem steht die Welt um uns still\\\" - Favorite News\",\"isPartOf\":{\"@id\":\"https:\\\/\\\/favorite-news.com\\\/de\\\/#website\"},\"datePublished\":\"2021-02-20T01:49:13+00:00\",\"author\":{\"@id\":\"https:\\\/\\\/favorite-news.com\\\/de\\\/#\\\/schema\\\/person\\\/b66c4cfdd10a5bf16d7d5efda647111f\"},\"breadcrumb\":{\"@id\":\"https:\\\/\\\/favorite-news.com\\\/de\\\/vater-von-hanau-opfer-mit-bewegender-rede-seitdem-steht-die-welt-um-uns-still\\\/#breadcrumb\"},\"inLanguage\":\"de\",\"potentialAction\":[{\"@type\":\"ReadAction\",\"target\":[\"https:\\\/\\\/favorite-news.com\\\/de\\\/vater-von-hanau-opfer-mit-bewegender-rede-seitdem-steht-die-welt-um-uns-still\\\/\"]}]},{\"@type\":\"BreadcrumbList\",\"@id\":\"https:\\\/\\\/favorite-news.com\\\/de\\\/vater-von-hanau-opfer-mit-bewegender-rede-seitdem-steht-die-welt-um-uns-still\\\/#breadcrumb\",\"itemListElement\":[{\"@type\":\"ListItem\",\"position\":1,\"name\":\"Home\",\"item\":\"https:\\\/\\\/favorite-news.com\\\/de\\\/\"},{\"@type\":\"ListItem\",\"position\":2,\"name\":\"Vater von Hanau-Opfer mit bewegender Rede: &#8222;Seitdem steht die Welt um uns still&#8220;\"}]},{\"@type\":\"WebSite\",\"@id\":\"https:\\\/\\\/favorite-news.com\\\/de\\\/#website\",\"url\":\"https:\\\/\\\/favorite-news.com\\\/de\\\/\",\"name\":\"Favorite News\",\"description\":\"Favorite News Germany\",\"potentialAction\":[{\"@type\":\"SearchAction\",\"target\":{\"@type\":\"EntryPoint\",\"urlTemplate\":\"https:\\\/\\\/favorite-news.com\\\/de\\\/?s={search_term_string}\"},\"query-input\":{\"@type\":\"PropertyValueSpecification\",\"valueRequired\":true,\"valueName\":\"search_term_string\"}}],\"inLanguage\":\"de\"},{\"@type\":\"Person\",\"@id\":\"https:\\\/\\\/favorite-news.com\\\/de\\\/#\\\/schema\\\/person\\\/b66c4cfdd10a5bf16d7d5efda647111f\",\"name\":\"favorite-news\",\"image\":{\"@type\":\"ImageObject\",\"inLanguage\":\"de\",\"@id\":\"https:\\\/\\\/secure.gravatar.com\\\/avatar\\\/f89959e01423a9ee3c2debbcf830eb021c575de0e1b3781ca3ae392b71c615a1?s=96&d=mm&r=g\",\"url\":\"https:\\\/\\\/secure.gravatar.com\\\/avatar\\\/f89959e01423a9ee3c2debbcf830eb021c575de0e1b3781ca3ae392b71c615a1?s=96&d=mm&r=g\",\"contentUrl\":\"https:\\\/\\\/secure.gravatar.com\\\/avatar\\\/f89959e01423a9ee3c2debbcf830eb021c575de0e1b3781ca3ae392b71c615a1?s=96&d=mm&r=g\",\"caption\":\"favorite-news\"},\"url\":\"https:\\\/\\\/favorite-news.com\\\/de\\\/author\\\/ruby\\\/\"}]}<\/script>\n<!-- \/ Yoast SEO plugin. -->","yoast_head_json":{"title":"Vater von Hanau-Opfer mit bewegender Rede: \"Seitdem steht die Welt um uns still\" - Favorite News","robots":{"index":"index","follow":"follow","max-snippet":"max-snippet:-1","max-image-preview":"max-image-preview:large","max-video-preview":"max-video-preview:-1"},"canonical":"https:\/\/favorite-news.com\/de\/vater-von-hanau-opfer-mit-bewegender-rede-seitdem-steht-die-welt-um-uns-still\/","og_locale":"de_DE","og_type":"article","og_title":"Vater von Hanau-Opfer mit bewegender Rede: \"Seitdem steht die Welt um uns still\" - Favorite News","og_description":"[ad_1] Bei Gedenkfeier: Vater von Hanau-Opfer bewegt mit emotionaler Rede: &#8222;Seitdem steht die Welt um uns still&#8220; Innerhalb von nur f\u00fcnf Minuten und sechs Sekunden verloren am 19. Februar 2020 in\u00a0Hanau\u00a0neun Menschen durch den rassistisch motivierten Anschlag ihr Leben. Die Frage, wie es dazu kommen konnte, l\u00e4sst ihre Angeh\u00f6rigen auch ein Jahr sp\u00e4ter nicht los. [&hellip;]","og_url":"https:\/\/favorite-news.com\/de\/vater-von-hanau-opfer-mit-bewegender-rede-seitdem-steht-die-welt-um-uns-still\/","og_site_name":"Favorite News","article_published_time":"2021-02-20T01:49:13+00:00","author":"favorite-news","twitter_card":"summary_large_image","twitter_misc":{"Verfasst von":"favorite-news","Gesch\u00e4tzte Lesezeit":"5\u00a0Minuten"},"schema":{"@context":"https:\/\/schema.org","@graph":[{"@type":"Article","@id":"https:\/\/favorite-news.com\/de\/vater-von-hanau-opfer-mit-bewegender-rede-seitdem-steht-die-welt-um-uns-still\/#article","isPartOf":{"@id":"https:\/\/favorite-news.com\/de\/vater-von-hanau-opfer-mit-bewegender-rede-seitdem-steht-die-welt-um-uns-still\/"},"author":{"name":"favorite-news","@id":"https:\/\/favorite-news.com\/de\/#\/schema\/person\/b66c4cfdd10a5bf16d7d5efda647111f"},"headline":"Vater von Hanau-Opfer mit bewegender Rede: &#8222;Seitdem steht die Welt um uns still&#8220;","datePublished":"2021-02-20T01:49:13+00:00","mainEntityOfPage":{"@id":"https:\/\/favorite-news.com\/de\/vater-von-hanau-opfer-mit-bewegender-rede-seitdem-steht-die-welt-um-uns-still\/"},"wordCount":1069,"commentCount":0,"articleSection":["NEUIGKEITEN"],"inLanguage":"de","potentialAction":[{"@type":"CommentAction","name":"Comment","target":["https:\/\/favorite-news.com\/de\/vater-von-hanau-opfer-mit-bewegender-rede-seitdem-steht-die-welt-um-uns-still\/#respond"]}]},{"@type":"WebPage","@id":"https:\/\/favorite-news.com\/de\/vater-von-hanau-opfer-mit-bewegender-rede-seitdem-steht-die-welt-um-uns-still\/","url":"https:\/\/favorite-news.com\/de\/vater-von-hanau-opfer-mit-bewegender-rede-seitdem-steht-die-welt-um-uns-still\/","name":"Vater von Hanau-Opfer mit bewegender Rede: \"Seitdem steht die Welt um uns still\" - Favorite News","isPartOf":{"@id":"https:\/\/favorite-news.com\/de\/#website"},"datePublished":"2021-02-20T01:49:13+00:00","author":{"@id":"https:\/\/favorite-news.com\/de\/#\/schema\/person\/b66c4cfdd10a5bf16d7d5efda647111f"},"breadcrumb":{"@id":"https:\/\/favorite-news.com\/de\/vater-von-hanau-opfer-mit-bewegender-rede-seitdem-steht-die-welt-um-uns-still\/#breadcrumb"},"inLanguage":"de","potentialAction":[{"@type":"ReadAction","target":["https:\/\/favorite-news.com\/de\/vater-von-hanau-opfer-mit-bewegender-rede-seitdem-steht-die-welt-um-uns-still\/"]}]},{"@type":"BreadcrumbList","@id":"https:\/\/favorite-news.com\/de\/vater-von-hanau-opfer-mit-bewegender-rede-seitdem-steht-die-welt-um-uns-still\/#breadcrumb","itemListElement":[{"@type":"ListItem","position":1,"name":"Home","item":"https:\/\/favorite-news.com\/de\/"},{"@type":"ListItem","position":2,"name":"Vater von Hanau-Opfer mit bewegender Rede: &#8222;Seitdem steht die Welt um uns still&#8220;"}]},{"@type":"WebSite","@id":"https:\/\/favorite-news.com\/de\/#website","url":"https:\/\/favorite-news.com\/de\/","name":"Favorite News","description":"Favorite News Germany","potentialAction":[{"@type":"SearchAction","target":{"@type":"EntryPoint","urlTemplate":"https:\/\/favorite-news.com\/de\/?s={search_term_string}"},"query-input":{"@type":"PropertyValueSpecification","valueRequired":true,"valueName":"search_term_string"}}],"inLanguage":"de"},{"@type":"Person","@id":"https:\/\/favorite-news.com\/de\/#\/schema\/person\/b66c4cfdd10a5bf16d7d5efda647111f","name":"favorite-news","image":{"@type":"ImageObject","inLanguage":"de","@id":"https:\/\/secure.gravatar.com\/avatar\/f89959e01423a9ee3c2debbcf830eb021c575de0e1b3781ca3ae392b71c615a1?s=96&d=mm&r=g","url":"https:\/\/secure.gravatar.com\/avatar\/f89959e01423a9ee3c2debbcf830eb021c575de0e1b3781ca3ae392b71c615a1?s=96&d=mm&r=g","contentUrl":"https:\/\/secure.gravatar.com\/avatar\/f89959e01423a9ee3c2debbcf830eb021c575de0e1b3781ca3ae392b71c615a1?s=96&d=mm&r=g","caption":"favorite-news"},"url":"https:\/\/favorite-news.com\/de\/author\/ruby\/"}]}},"_links":{"self":[{"href":"https:\/\/favorite-news.com\/de\/wp-json\/wp\/v2\/posts\/1021","targetHints":{"allow":["GET"]}}],"collection":[{"href":"https:\/\/favorite-news.com\/de\/wp-json\/wp\/v2\/posts"}],"about":[{"href":"https:\/\/favorite-news.com\/de\/wp-json\/wp\/v2\/types\/post"}],"author":[{"embeddable":true,"href":"https:\/\/favorite-news.com\/de\/wp-json\/wp\/v2\/users\/1"}],"replies":[{"embeddable":true,"href":"https:\/\/favorite-news.com\/de\/wp-json\/wp\/v2\/comments?post=1021"}],"version-history":[{"count":0,"href":"https:\/\/favorite-news.com\/de\/wp-json\/wp\/v2\/posts\/1021\/revisions"}],"wp:attachment":[{"href":"https:\/\/favorite-news.com\/de\/wp-json\/wp\/v2\/media?parent=1021"}],"wp:term":[{"taxonomy":"category","embeddable":true,"href":"https:\/\/favorite-news.com\/de\/wp-json\/wp\/v2\/categories?post=1021"},{"taxonomy":"post_tag","embeddable":true,"href":"https:\/\/favorite-news.com\/de\/wp-json\/wp\/v2\/tags?post=1021"}],"curies":[{"name":"wp","href":"https:\/\/api.w.org\/{rel}","templated":true}]}}