{"id":1005,"date":"2021-02-16T01:05:25","date_gmt":"2021-02-16T01:05:25","guid":{"rendered":"https:\/\/favorite-news.com\/de\/tirol-und-tschechien-wut-auf-deutschland-wegen-neuer-grenzkontrollen\/"},"modified":"2021-02-16T01:05:25","modified_gmt":"2021-02-16T01:05:25","slug":"tirol-und-tschechien-wut-auf-deutschland-wegen-neuer-grenzkontrollen","status":"publish","type":"post","link":"https:\/\/favorite-news.com\/de\/tirol-und-tschechien-wut-auf-deutschland-wegen-neuer-grenzkontrollen\/","title":{"rendered":"Tirol und Tschechien: Wut auf Deutschland wegen neuer Grenzkontrollen"},"content":{"rendered":"<p>[ad_1]<br \/>\n <br \/>\n\t\tSeit Sonntag werden die Grenz\u00fcberg\u00e4nge zu Tschechien und nach Tirol wegen mutierter Coronaviren strenger kontrolliert, das l\u00f6st Chaos und \u00c4rger vor Ort aus. Die tschechische Protestebewegung Chcipel PES, die seit Monaten gegen die Corona-Ma\u00dfnahmen demonstriert und die \u00d6ffnung Tschechiens fordert, will die deutschen Einreisebestimmungen nicht einfach so hinnehmen.Die Bewegung forderte jetzt von der Regierung in Prag, gegen die Bundesrepublik \u201eVergeltungsma\u00dfnahmen\u201c zu verh\u00e4ngen. Die Rede ist von Gegensanktionen, wie die &#8222;Welt&#8220; berichtet. Die Grenze solle f\u00fcr Deutsche dicht gemacht werden, au\u00dferdem sollten einheimische \u00c4rzte und anderes medizinisches Personal nicht mehr in Deutschland arbeiten d\u00fcrfen. Zwar erkenne die Organisation an, dass Deutschland seine nationalen Interessen durchsetze, doch diess geschehe zum Nachteil Tschechiens, mit diesen Worten l\u00e4sst sich David Biksadsky von der Protestbewegung zitieren.&#8220;Tirol-Bashing&#8220;: Auch an der Tiroler Grenze liegen die Nerven blankNicht weniger angespannt ist die Situation am \u00dcbergang nach Tirol. B\u00fcrgermeister Georg Aicher-Hechenberger vom Grenzdorf Erl h\u00e4lt das deutsche Vorgehen laut &#8222;Tiroler Tageszeitung&#8220; f\u00fcr einen &#8222;depperten H\u00fcftschuss.&#8220; Bayerns Ministerpr\u00e4sident Markus S\u00f6der genie\u00dfe es, auf Tirol zu zeigen, S\u00f6der mache damit Politik, sagte Aicher-Hechenberger.In Kufstein spricht B\u00fcrgermeister Martin Krumschnabel von einer \u201eKatastrophe f\u00fcr die Grenzregion. Es braucht einen Kompromiss. Ich verstehe, dass man unterbinden will, dass die Leute zum Spa\u00df oder zum Einkaufen \u00fcber die Grenze fahren. Aber Arbeiter brauchen die Sicherheit, dass Grenzen offen sind\u201c, sagte Krumschnabel.Hajo Gruber, B\u00fcrgermeister in Kiefersfelden auf der deutschen Seite der Grenze, h\u00e4lt zwar nichts von \u201eTirol-Bashing\u201c. Aber: Sollte es gelingen, die Ausbreitung der s\u00fcdafrikanischen Mutation mit der Grenzschlie\u00dfung zur\u00fcckdr\u00e4ngen, w\u00e4re das \u201ewunderbar\u201c, sagte Gruber.Weitere News zum Thema:\u00a0\u00a0<br \/>\n <br \/>[ad_2]<br \/>\n <br \/><a href=\"https:\/\/www.focus.de\/politik\/in-tschechien-und-tirol-explosive-stimmung-wegen-grenzkontrollen-aufruf-zu-vergeltungsmassnahmen_id_12983986.html\">\u0421\u0441\u044b\u043b\u043a\u0430 \u043d\u0430 \u0438\u0441\u0442\u043e\u0447\u043d\u0438\u043a <\/a><\/p>\n","protected":false},"excerpt":{"rendered":"<p>[ad_1] Seit Sonntag werden die Grenz\u00fcberg\u00e4nge zu Tschechien und nach Tirol wegen mutierter Coronaviren strenger kontrolliert, das l\u00f6st Chaos und \u00c4rger vor Ort aus. Die tschechische Protestebewegung Chcipel PES, die seit Monaten gegen die Corona-Ma\u00dfnahmen demonstriert und die \u00d6ffnung Tschechiens fordert, will die deutschen Einreisebestimmungen nicht einfach so hinnehmen.Die Bewegung forderte jetzt von der Regierung [&hellip;]<\/p>\n","protected":false},"author":1,"featured_media":0,"comment_status":"open","ping_status":"open","sticky":false,"template":"","format":"standard","meta":{"footnotes":""},"categories":[1],"tags":[],"class_list":["post-1005","post","type-post","status-publish","format-standard","hentry","category-neuigkeiten"],"yoast_head":"<!-- This site is optimized with the Yoast SEO plugin v27.4 - https:\/\/yoast.com\/product\/yoast-seo-wordpress\/ -->\n<title>Tirol und Tschechien: Wut auf Deutschland wegen neuer Grenzkontrollen - Favorite News<\/title>\n<meta name=\"robots\" content=\"index, follow, max-snippet:-1, max-image-preview:large, max-video-preview:-1\" \/>\n<link rel=\"canonical\" href=\"https:\/\/favorite-news.com\/de\/tirol-und-tschechien-wut-auf-deutschland-wegen-neuer-grenzkontrollen\/\" \/>\n<meta property=\"og:locale\" content=\"de_DE\" \/>\n<meta property=\"og:type\" content=\"article\" \/>\n<meta property=\"og:title\" content=\"Tirol und Tschechien: Wut auf Deutschland wegen neuer Grenzkontrollen - Favorite News\" \/>\n<meta property=\"og:description\" content=\"[ad_1] Seit Sonntag werden die Grenz\u00fcberg\u00e4nge zu Tschechien und nach Tirol wegen mutierter Coronaviren strenger kontrolliert, das l\u00f6st Chaos und \u00c4rger vor Ort aus. Die tschechische Protestebewegung Chcipel PES, die seit Monaten gegen die Corona-Ma\u00dfnahmen demonstriert und die \u00d6ffnung Tschechiens fordert, will die deutschen Einreisebestimmungen nicht einfach so hinnehmen.Die Bewegung forderte jetzt von der Regierung [&hellip;]\" \/>\n<meta property=\"og:url\" content=\"https:\/\/favorite-news.com\/de\/tirol-und-tschechien-wut-auf-deutschland-wegen-neuer-grenzkontrollen\/\" \/>\n<meta property=\"og:site_name\" content=\"Favorite News\" \/>\n<meta property=\"article:published_time\" content=\"2021-02-16T01:05:25+00:00\" \/>\n<meta name=\"author\" content=\"favorite-news\" \/>\n<meta name=\"twitter:card\" content=\"summary_large_image\" \/>\n<meta name=\"twitter:label1\" content=\"Verfasst von\" \/>\n\t<meta name=\"twitter:data1\" content=\"favorite-news\" \/>\n\t<meta name=\"twitter:label2\" content=\"Gesch\u00e4tzte Lesezeit\" \/>\n\t<meta name=\"twitter:data2\" content=\"1\u00a0Minute\" \/>\n<script type=\"application\/ld+json\" class=\"yoast-schema-graph\">{\"@context\":\"https:\\\/\\\/schema.org\",\"@graph\":[{\"@type\":\"Article\",\"@id\":\"https:\\\/\\\/favorite-news.com\\\/de\\\/tirol-und-tschechien-wut-auf-deutschland-wegen-neuer-grenzkontrollen\\\/#article\",\"isPartOf\":{\"@id\":\"https:\\\/\\\/favorite-news.com\\\/de\\\/tirol-und-tschechien-wut-auf-deutschland-wegen-neuer-grenzkontrollen\\\/\"},\"author\":{\"name\":\"favorite-news\",\"@id\":\"https:\\\/\\\/favorite-news.com\\\/de\\\/#\\\/schema\\\/person\\\/b66c4cfdd10a5bf16d7d5efda647111f\"},\"headline\":\"Tirol und Tschechien: Wut auf Deutschland wegen neuer Grenzkontrollen\",\"datePublished\":\"2021-02-16T01:05:25+00:00\",\"mainEntityOfPage\":{\"@id\":\"https:\\\/\\\/favorite-news.com\\\/de\\\/tirol-und-tschechien-wut-auf-deutschland-wegen-neuer-grenzkontrollen\\\/\"},\"wordCount\":298,\"commentCount\":0,\"articleSection\":[\"NEUIGKEITEN\"],\"inLanguage\":\"de\",\"potentialAction\":[{\"@type\":\"CommentAction\",\"name\":\"Comment\",\"target\":[\"https:\\\/\\\/favorite-news.com\\\/de\\\/tirol-und-tschechien-wut-auf-deutschland-wegen-neuer-grenzkontrollen\\\/#respond\"]}]},{\"@type\":\"WebPage\",\"@id\":\"https:\\\/\\\/favorite-news.com\\\/de\\\/tirol-und-tschechien-wut-auf-deutschland-wegen-neuer-grenzkontrollen\\\/\",\"url\":\"https:\\\/\\\/favorite-news.com\\\/de\\\/tirol-und-tschechien-wut-auf-deutschland-wegen-neuer-grenzkontrollen\\\/\",\"name\":\"Tirol und Tschechien: Wut auf Deutschland wegen neuer Grenzkontrollen - Favorite News\",\"isPartOf\":{\"@id\":\"https:\\\/\\\/favorite-news.com\\\/de\\\/#website\"},\"datePublished\":\"2021-02-16T01:05:25+00:00\",\"author\":{\"@id\":\"https:\\\/\\\/favorite-news.com\\\/de\\\/#\\\/schema\\\/person\\\/b66c4cfdd10a5bf16d7d5efda647111f\"},\"breadcrumb\":{\"@id\":\"https:\\\/\\\/favorite-news.com\\\/de\\\/tirol-und-tschechien-wut-auf-deutschland-wegen-neuer-grenzkontrollen\\\/#breadcrumb\"},\"inLanguage\":\"de\",\"potentialAction\":[{\"@type\":\"ReadAction\",\"target\":[\"https:\\\/\\\/favorite-news.com\\\/de\\\/tirol-und-tschechien-wut-auf-deutschland-wegen-neuer-grenzkontrollen\\\/\"]}]},{\"@type\":\"BreadcrumbList\",\"@id\":\"https:\\\/\\\/favorite-news.com\\\/de\\\/tirol-und-tschechien-wut-auf-deutschland-wegen-neuer-grenzkontrollen\\\/#breadcrumb\",\"itemListElement\":[{\"@type\":\"ListItem\",\"position\":1,\"name\":\"Home\",\"item\":\"https:\\\/\\\/favorite-news.com\\\/de\\\/\"},{\"@type\":\"ListItem\",\"position\":2,\"name\":\"Tirol und Tschechien: Wut auf Deutschland wegen neuer Grenzkontrollen\"}]},{\"@type\":\"WebSite\",\"@id\":\"https:\\\/\\\/favorite-news.com\\\/de\\\/#website\",\"url\":\"https:\\\/\\\/favorite-news.com\\\/de\\\/\",\"name\":\"Favorite News\",\"description\":\"Favorite News Germany\",\"potentialAction\":[{\"@type\":\"SearchAction\",\"target\":{\"@type\":\"EntryPoint\",\"urlTemplate\":\"https:\\\/\\\/favorite-news.com\\\/de\\\/?s={search_term_string}\"},\"query-input\":{\"@type\":\"PropertyValueSpecification\",\"valueRequired\":true,\"valueName\":\"search_term_string\"}}],\"inLanguage\":\"de\"},{\"@type\":\"Person\",\"@id\":\"https:\\\/\\\/favorite-news.com\\\/de\\\/#\\\/schema\\\/person\\\/b66c4cfdd10a5bf16d7d5efda647111f\",\"name\":\"favorite-news\",\"image\":{\"@type\":\"ImageObject\",\"inLanguage\":\"de\",\"@id\":\"https:\\\/\\\/secure.gravatar.com\\\/avatar\\\/f89959e01423a9ee3c2debbcf830eb021c575de0e1b3781ca3ae392b71c615a1?s=96&d=mm&r=g\",\"url\":\"https:\\\/\\\/secure.gravatar.com\\\/avatar\\\/f89959e01423a9ee3c2debbcf830eb021c575de0e1b3781ca3ae392b71c615a1?s=96&d=mm&r=g\",\"contentUrl\":\"https:\\\/\\\/secure.gravatar.com\\\/avatar\\\/f89959e01423a9ee3c2debbcf830eb021c575de0e1b3781ca3ae392b71c615a1?s=96&d=mm&r=g\",\"caption\":\"favorite-news\"},\"url\":\"https:\\\/\\\/favorite-news.com\\\/de\\\/author\\\/ruby\\\/\"}]}<\/script>\n<!-- \/ Yoast SEO plugin. -->","yoast_head_json":{"title":"Tirol und Tschechien: Wut auf Deutschland wegen neuer Grenzkontrollen - Favorite News","robots":{"index":"index","follow":"follow","max-snippet":"max-snippet:-1","max-image-preview":"max-image-preview:large","max-video-preview":"max-video-preview:-1"},"canonical":"https:\/\/favorite-news.com\/de\/tirol-und-tschechien-wut-auf-deutschland-wegen-neuer-grenzkontrollen\/","og_locale":"de_DE","og_type":"article","og_title":"Tirol und Tschechien: Wut auf Deutschland wegen neuer Grenzkontrollen - Favorite News","og_description":"[ad_1] Seit Sonntag werden die Grenz\u00fcberg\u00e4nge zu Tschechien und nach Tirol wegen mutierter Coronaviren strenger kontrolliert, das l\u00f6st Chaos und \u00c4rger vor Ort aus. Die tschechische Protestebewegung Chcipel PES, die seit Monaten gegen die Corona-Ma\u00dfnahmen demonstriert und die \u00d6ffnung Tschechiens fordert, will die deutschen Einreisebestimmungen nicht einfach so hinnehmen.Die Bewegung forderte jetzt von der Regierung [&hellip;]","og_url":"https:\/\/favorite-news.com\/de\/tirol-und-tschechien-wut-auf-deutschland-wegen-neuer-grenzkontrollen\/","og_site_name":"Favorite News","article_published_time":"2021-02-16T01:05:25+00:00","author":"favorite-news","twitter_card":"summary_large_image","twitter_misc":{"Verfasst von":"favorite-news","Gesch\u00e4tzte Lesezeit":"1\u00a0Minute"},"schema":{"@context":"https:\/\/schema.org","@graph":[{"@type":"Article","@id":"https:\/\/favorite-news.com\/de\/tirol-und-tschechien-wut-auf-deutschland-wegen-neuer-grenzkontrollen\/#article","isPartOf":{"@id":"https:\/\/favorite-news.com\/de\/tirol-und-tschechien-wut-auf-deutschland-wegen-neuer-grenzkontrollen\/"},"author":{"name":"favorite-news","@id":"https:\/\/favorite-news.com\/de\/#\/schema\/person\/b66c4cfdd10a5bf16d7d5efda647111f"},"headline":"Tirol und Tschechien: Wut auf Deutschland wegen neuer Grenzkontrollen","datePublished":"2021-02-16T01:05:25+00:00","mainEntityOfPage":{"@id":"https:\/\/favorite-news.com\/de\/tirol-und-tschechien-wut-auf-deutschland-wegen-neuer-grenzkontrollen\/"},"wordCount":298,"commentCount":0,"articleSection":["NEUIGKEITEN"],"inLanguage":"de","potentialAction":[{"@type":"CommentAction","name":"Comment","target":["https:\/\/favorite-news.com\/de\/tirol-und-tschechien-wut-auf-deutschland-wegen-neuer-grenzkontrollen\/#respond"]}]},{"@type":"WebPage","@id":"https:\/\/favorite-news.com\/de\/tirol-und-tschechien-wut-auf-deutschland-wegen-neuer-grenzkontrollen\/","url":"https:\/\/favorite-news.com\/de\/tirol-und-tschechien-wut-auf-deutschland-wegen-neuer-grenzkontrollen\/","name":"Tirol und Tschechien: Wut auf Deutschland wegen neuer Grenzkontrollen - Favorite News","isPartOf":{"@id":"https:\/\/favorite-news.com\/de\/#website"},"datePublished":"2021-02-16T01:05:25+00:00","author":{"@id":"https:\/\/favorite-news.com\/de\/#\/schema\/person\/b66c4cfdd10a5bf16d7d5efda647111f"},"breadcrumb":{"@id":"https:\/\/favorite-news.com\/de\/tirol-und-tschechien-wut-auf-deutschland-wegen-neuer-grenzkontrollen\/#breadcrumb"},"inLanguage":"de","potentialAction":[{"@type":"ReadAction","target":["https:\/\/favorite-news.com\/de\/tirol-und-tschechien-wut-auf-deutschland-wegen-neuer-grenzkontrollen\/"]}]},{"@type":"BreadcrumbList","@id":"https:\/\/favorite-news.com\/de\/tirol-und-tschechien-wut-auf-deutschland-wegen-neuer-grenzkontrollen\/#breadcrumb","itemListElement":[{"@type":"ListItem","position":1,"name":"Home","item":"https:\/\/favorite-news.com\/de\/"},{"@type":"ListItem","position":2,"name":"Tirol und Tschechien: Wut auf Deutschland wegen neuer Grenzkontrollen"}]},{"@type":"WebSite","@id":"https:\/\/favorite-news.com\/de\/#website","url":"https:\/\/favorite-news.com\/de\/","name":"Favorite News","description":"Favorite News Germany","potentialAction":[{"@type":"SearchAction","target":{"@type":"EntryPoint","urlTemplate":"https:\/\/favorite-news.com\/de\/?s={search_term_string}"},"query-input":{"@type":"PropertyValueSpecification","valueRequired":true,"valueName":"search_term_string"}}],"inLanguage":"de"},{"@type":"Person","@id":"https:\/\/favorite-news.com\/de\/#\/schema\/person\/b66c4cfdd10a5bf16d7d5efda647111f","name":"favorite-news","image":{"@type":"ImageObject","inLanguage":"de","@id":"https:\/\/secure.gravatar.com\/avatar\/f89959e01423a9ee3c2debbcf830eb021c575de0e1b3781ca3ae392b71c615a1?s=96&d=mm&r=g","url":"https:\/\/secure.gravatar.com\/avatar\/f89959e01423a9ee3c2debbcf830eb021c575de0e1b3781ca3ae392b71c615a1?s=96&d=mm&r=g","contentUrl":"https:\/\/secure.gravatar.com\/avatar\/f89959e01423a9ee3c2debbcf830eb021c575de0e1b3781ca3ae392b71c615a1?s=96&d=mm&r=g","caption":"favorite-news"},"url":"https:\/\/favorite-news.com\/de\/author\/ruby\/"}]}},"_links":{"self":[{"href":"https:\/\/favorite-news.com\/de\/wp-json\/wp\/v2\/posts\/1005","targetHints":{"allow":["GET"]}}],"collection":[{"href":"https:\/\/favorite-news.com\/de\/wp-json\/wp\/v2\/posts"}],"about":[{"href":"https:\/\/favorite-news.com\/de\/wp-json\/wp\/v2\/types\/post"}],"author":[{"embeddable":true,"href":"https:\/\/favorite-news.com\/de\/wp-json\/wp\/v2\/users\/1"}],"replies":[{"embeddable":true,"href":"https:\/\/favorite-news.com\/de\/wp-json\/wp\/v2\/comments?post=1005"}],"version-history":[{"count":0,"href":"https:\/\/favorite-news.com\/de\/wp-json\/wp\/v2\/posts\/1005\/revisions"}],"wp:attachment":[{"href":"https:\/\/favorite-news.com\/de\/wp-json\/wp\/v2\/media?parent=1005"}],"wp:term":[{"taxonomy":"category","embeddable":true,"href":"https:\/\/favorite-news.com\/de\/wp-json\/wp\/v2\/categories?post=1005"},{"taxonomy":"post_tag","embeddable":true,"href":"https:\/\/favorite-news.com\/de\/wp-json\/wp\/v2\/tags?post=1005"}],"curies":[{"name":"wp","href":"https:\/\/api.w.org\/{rel}","templated":true}]}}